{"id":5067,"date":"2019-06-02T15:21:56","date_gmt":"2019-06-02T13:21:56","guid":{"rendered":"http:\/\/www.marzicake.cz\/?p=5067"},"modified":"2019-10-15T22:03:48","modified_gmt":"2019-10-15T20:03:48","slug":"svatebni-sezona-zahajena","status":"publish","type":"post","link":"https:\/\/www.marzicake.cz\/?p=5067","title":{"rendered":"Svatebn\u00ed sez\u00f3na zah\u00e1jena"},"content":{"rendered":"<p>Prvn\u00ed \u010dervnov\u00fd v\u00edkend je nejen ve znamen\u00ed oslav Dne d\u011bt\u00ed, ale tak\u00e9 jako zah\u00e1jen\u00ed svatebn\u00ed sez\u00f3ny. N\u011bkte\u0159\u00ed by mohly nam\u00edtnout, \u017ee svatby se p\u0159eci po\u0159\u00e1daj\u00ed cel\u00fd rok. Ano, ale nejv\u00edce svateb je p\u0159edev\u0161\u00edm od \u010dervna do podzimu. Kr\u00e1sn\u00e9 slune\u010dn\u00e9 po\u010das\u00ed je pr\u00e1v\u011b t\u00edm&nbsp;l\u00e1kadlem pro venkovn\u00ed svatebn\u00ed oslavy. S ohledem na to, \u017ee n\u011bkte\u0159\u00ed pl\u00e1nuj\u00ed sv\u016fj velk\u00fd den i s ro\u010dn\u00edm \u010dasov\u00fdm p\u0159edstihem, bude ji\u017e v\u011bt\u0161ina m\u00edst asi rezervov\u00e1na. Z vlastn\u00ed zku\u0161enosti v\u0161ak v\u00edm, \u017ee i tak se d\u00e1 svatba se v\u0161\u00edm uspo\u0159\u00e1dat v tomto obdob\u00ed za dva m\u011bs\u00edce od prvotn\u00ed my\u0161lenky. Ten spr\u00e1vn\u00fd impuls d\u011bl\u00e1 divy. V\u0161e je o tom, jak si ten velk\u00fd den nev\u011bsta s \u017eenichem p\u0159edstavuj\u00ed.<\/p>\n<p>S ohledem na to, \u017ee v\u011bt\u0161ina nev\u011bst u\u017e m\u00e1 jist\u011b v hlav\u011b p\u0159edstavu toho &#8220;nej&#8221; dortu a m\u00e1 tak\u00e9 vybranou cukr\u00e1\u0159ku, r\u00e1da bych se dnes zastavila u zcela jin\u00e9 sladkosti. Jsou t\u00edm sladk\u00e9 jedl\u00e9 d\u00e1rky. N\u011bkte\u0159\u00ed je pova\u017euj\u00ed za zbyte\u010dnost, ale jin\u00ed by si bez nich nedok\u00e1zali svatbu p\u0159edstavit. Mezi tuto skupinu pat\u0159\u00edm j\u00e1. \ud83d\ude42<\/p>\n<p>Jedl\u00e9 d\u00e1rky jsou velice p\u0159\u00edjemnou a \u010dasto o\u010dek\u00e1vanou sladkost\u00ed na svatb\u00e1ch. V\u00fdhodou je, \u017ee si je m\u016f\u017eete vyrobit ve v\u011bt\u0161\u00edm p\u0159edstihu. Svateb\u010dan\u00e9 si je \u010dasto nech\u00e1vaj\u00ed na pam\u00e1tku. Jen jednou jsem vid\u011bla, \u017ee si takov\u00fd d\u00e1rek n\u011bkdo rozbalil a sn\u011bdl. D\u016fvodem byly dlouh\u00e9 prostoje na svatb\u011b a host\u00e9 za\u010d\u00ednali m\u00edt hlad. Proto jeden z&nbsp;nich rozbalil sladk\u00fd d\u00e1rek a za\u010dal ho j\u00edst. Nakazil t\u00edm tak n\u011bkolik dal\u0161\u00edch host\u016f. To ale nevypad\u00e1 moc dob\u0159e. Tak\u017ee budeme po\u010d\u00edtat s&nbsp;t\u00edm, \u017ee na va\u0161\u00ed svatb\u011b hlad nebude. M\u016f\u017eete si vyrobit n\u011bco, co k&nbsp;cel\u00e9mu stylu svatby bude sed\u011bt. Od romantick\u00fdch sladkost\u00ed a\u017e po r\u016fzn\u00e9 vtipnosti. V\u011bt\u0161inou je z\u00e1kladem lineck\u00e9, nebo n\u011bjak\u00e9 su\u0161enkov\u00e9 t\u011bsto. \u010cast\u00e9 jsou i pern\u00ed\u010dky. D\u00e1re\u010dek by m\u011bl b\u00fdt v\u017edy zabalen. T\u00edm p\u016fsob\u00ed jako d\u00e1rek a ne jako p\u0159edkrm.<\/p>\n<p>S ohledem na to, \u017ee jsem st\u00e1le v etap\u011b l\u00e9\u010den\u00ed a \u010dek\u00e1 m\u011b oza\u0159ov\u00e1n\u00ed, m\u00e1m pom\u011brn\u011b ne\u010dekan\u011b dost \u010dasu. Proto jsem si s d\u00e1rky trochu v\u00edce pohr\u00e1la. Ka\u017ed\u00fd host tentokr\u00e1te dostane jinou sladkost. Takovou, kterou si s\u00e1m vybere. \u010cek\u00e1 n\u00e1s toti\u017e svatba v rodin\u011b a na tu je pot\u0159eba se dob\u0159e p\u0159ipravit. V\u0161echny fotografie ale zve\u0159ejn\u00edm a\u017e v dal\u0161\u00edm p\u0159\u00edsp\u011bvku. P\u0159ece hosty nep\u0159iprav\u00edm o p\u0159ekvapen\u00ed. Sladk\u00e9 jedl\u00e9 d\u00e1rky jsou t\u00edm, co m\u011b opravdu bav\u00ed. Zapomenu v\u017edycky na v\u0161e kolem a dost\u00e1v\u00e1m se do flow.<\/p>\n","protected":false},"excerpt":{"rendered":"<p>Prvn\u00ed \u010dervnov\u00fd v\u00edkend je nejen ve znamen\u00ed oslav Dne d\u011bt\u00ed, ale tak\u00e9 jako zah\u00e1jen\u00ed svatebn\u00ed sez\u00f3ny. N\u011bkte\u0159\u00ed by mohly nam\u00edtnout, \u017ee svatby se p\u0159eci po\u0159\u00e1daj\u00ed cel\u00fd rok. Ano, ale nejv\u00edce svateb je p\u0159edev\u0161\u00edm od \u010dervna do podzimu. Kr\u00e1sn\u00e9 slune\u010dn\u00e9 po\u010das\u00ed je pr\u00e1v\u011b t\u00edm&nbsp;l\u00e1kadlem pro venkovn\u00ed svatebn\u00ed oslavy. S ohledem na to, \u017ee n\u011bkte\u0159\u00ed pl\u00e1nuj\u00ed sv\u016fj&#8230;<\/p>\n<p><a class=\"more-link\" href=\"https:\/\/www.marzicake.cz\/?p=5067\">\u010cti d\u00e1l<\/a><\/p>\n","protected":false},"author":1,"featured_media":224369,"comment_status":"open","ping_status":"open","sticky":false,"template":"","format":"standard","meta":{"wprm-recipe-roundup-name":"","wprm-recipe-roundup-description":"","_mi_skip_tracking":false,"_genesis_hide_title":false,"_genesis_hide_breadcrumbs":false,"_genesis_hide_singular_image":false,"_genesis_custom_body_class":"","_genesis_custom_post_class":"","_genesis_layout":""},"categories":[400],"tags":[],"_links":{"self":[{"href":"https:\/\/www.marzicake.cz\/index.php?rest_route=\/wp\/v2\/posts\/5067"}],"collection":[{"href":"https:\/\/www.marzicake.cz\/index.php?rest_route=\/wp\/v2\/posts"}],"about":[{"href":"https:\/\/www.marzicake.cz\/index.php?rest_route=\/wp\/v2\/types\/post"}],"author":[{"embeddable":true,"href":"https:\/\/www.marzicake.cz\/index.php?rest_route=\/wp\/v2\/users\/1"}],"replies":[{"embeddable":true,"href":"https:\/\/www.marzicake.cz\/index.php?rest_route=%2Fwp%2Fv2%2Fcomments&post=5067"}],"version-history":[{"count":6,"href":"https:\/\/www.marzicake.cz\/index.php?rest_route=\/wp\/v2\/posts\/5067\/revisions"}],"predecessor-version":[{"id":224373,"href":"https:\/\/www.marzicake.cz\/index.php?rest_route=\/wp\/v2\/posts\/5067\/revisions\/224373"}],"wp:featuredmedia":[{"embeddable":true,"href":"https:\/\/www.marzicake.cz\/index.php?rest_route=\/wp\/v2\/media\/224369"}],"wp:attachment":[{"href":"https:\/\/www.marzicake.cz\/index.php?rest_route=%2Fwp%2Fv2%2Fmedia&parent=5067"}],"wp:term":[{"taxonomy":"category","embeddable":true,"href":"https:\/\/www.marzicake.cz\/index.php?rest_route=%2Fwp%2Fv2%2Fcategories&post=5067"},{"taxonomy":"post_tag","embeddable":true,"href":"https:\/\/www.marzicake.cz\/index.php?rest_route=%2Fwp%2Fv2%2Ftags&post=5067"}],"curies":[{"name":"wp","href":"https:\/\/api.w.org\/{rel}","templated":true}]}}