{"id":5017,"date":"2019-04-29T12:43:03","date_gmt":"2019-04-29T10:43:03","guid":{"rendered":"http:\/\/www.marzicake.cz\/?p=5017"},"modified":"2019-10-15T22:07:55","modified_gmt":"2019-10-15T20:07:55","slug":"mesic-lasky-bez-svateb","status":"publish","type":"post","link":"https:\/\/www.marzicake.cz\/?p=5017","title":{"rendered":"M\u011bs\u00edc l\u00e1sky"},"content":{"rendered":"<p>Nejbarevn\u011bj\u0161\u00ed m\u011bs\u00edc je tu a my v\u0161ichni se m\u016f\u017eeme kochat n\u00e1dhernou rozkv\u00e9taj\u00edc\u00ed p\u0159\u00edrodou. Je toti\u017e \u00fa\u017easn\u00e9 sednout si venku a nechat na sebe p\u016fsobit v\u016fni m\u00e1je a v\u0161eho rozkvetl\u00e9ho kolem n\u00e1s. Alergici u\u017e tak nad\u0161en\u00ed nejsou, ale pro n\u00e1s, kte\u0159\u00ed ne\u0159e\u0161\u00edme \u017e\u00e1dn\u00e9&nbsp;probl\u00e9my s pyly, si m\u016f\u017eeme v p\u0159\u00edrod\u011b opravdu zarelaxovat. A\u010dkoliv to \u010dlov\u011bk tak nevn\u00edm\u00e1, pr\u00e1v\u011b tohle kv\u011btnov\u00e9 probouzen\u00ed p\u0159\u00edrody, m\u00e1 na na\u0161\u00ed psychiku neuv\u011b\u0159iteln\u00fd vliv. V\u00edce sv\u011btla a barevnosti probouz\u00ed i n\u011bco v n\u00e1s. Slune\u010dn\u00ed paprsky v\u00edt\u00e1me. I d\u00edky nim jsme l\u00e9pe nalad\u011bni a plni sil.&nbsp; \u010cast\u011bji potk\u00e1v\u00e1me proch\u00e1zej\u00edc\u00ed se dvojice, dr\u017e\u00edc\u00ed se za ruce. A mo\u017en\u00e1 pr\u00e1v\u011b proto v\u0161echno, je kv\u011bten pova\u017eov\u00e1n za m\u011bs\u00edc l\u00e1sky.&nbsp;Mus\u00edm p\u0159iznat, \u017ee u n\u00e1s tento m\u011bs\u00edc vyhr\u00e1v\u00e1 a \u017e\u00e1dn\u00fd Valent\u00fdn ho nem\u016f\u017ee poko\u0159it. Kv\u011bten je prost\u011b l\u00e1sky \u010das. Jak k p\u0159\u00edrod\u011b, zv\u00ed\u0159at\u016fm, tak i k n\u00e1m lidem samotn\u00fdm.<\/p>\n<p>K tomu, abychom se c\u00edtili l\u00e9pe, za\u010d\u00edn\u00e1me tak\u00e9 konzumovat v\u0161e, co n\u00e1m p\u0159\u00edroda za\u010d\u00edn\u00e1 nab\u00edzet. Miluji snad v\u0161echnu zeleninu a ovoce. T\u011b\u0161\u00edm se na v\u0161echny ty j\u00eddla, kter\u00e1 mohu z ran\u00e9 zeleniny a ovoce va\u0159it a p\u00e9ct. Nev\u00edm, jak to m\u00e1te vy, ale bav\u00ed m\u011b to v\u00edc ne\u017e v zim\u011b. T\u011b\u017eko bych vybrala favorita v zelenin\u011b, mo\u017en\u00e1 ch\u0159est. V ovoci m\u00e1m ale jasno. Jsou to jahody. A pr\u00e1v\u011b na ty se dnes zam\u011b\u0159\u00edm. Recept na jahodovou pochoutku s \u017eel\u00e9 najdete <a href=\"http:\/\/www.marzicake.cz\/?page_id=5019\">zde<\/a>.<\/p>\n","protected":false},"excerpt":{"rendered":"<p>Nejbarevn\u011bj\u0161\u00ed m\u011bs\u00edc je tu a my v\u0161ichni se m\u016f\u017eeme kochat n\u00e1dhernou rozkv\u00e9taj\u00edc\u00ed p\u0159\u00edrodou. Je toti\u017e \u00fa\u017easn\u00e9 sednout si venku a nechat na sebe p\u016fsobit v\u016fni m\u00e1je a v\u0161eho rozkvetl\u00e9ho kolem n\u00e1s. Alergici u\u017e tak nad\u0161en\u00ed nejsou, ale pro n\u00e1s, kte\u0159\u00ed ne\u0159e\u0161\u00edme \u017e\u00e1dn\u00e9&nbsp;probl\u00e9my s pyly, si m\u016f\u017eeme v p\u0159\u00edrod\u011b opravdu zarelaxovat. A\u010dkoliv to \u010dlov\u011bk tak nevn\u00edm\u00e1,&#8230;<\/p>\n<p><a class=\"more-link\" href=\"https:\/\/www.marzicake.cz\/?p=5017\">\u010cti d\u00e1l<\/a><\/p>\n","protected":false},"author":1,"featured_media":224224,"comment_status":"open","ping_status":"open","sticky":false,"template":"","format":"standard","meta":{"wprm-recipe-roundup-name":"","wprm-recipe-roundup-description":"","_mi_skip_tracking":false,"_genesis_hide_title":false,"_genesis_hide_breadcrumbs":false,"_genesis_hide_singular_image":false,"_genesis_custom_body_class":"","_genesis_custom_post_class":"","_genesis_layout":""},"categories":[400],"tags":[],"_links":{"self":[{"href":"https:\/\/www.marzicake.cz\/index.php?rest_route=\/wp\/v2\/posts\/5017"}],"collection":[{"href":"https:\/\/www.marzicake.cz\/index.php?rest_route=\/wp\/v2\/posts"}],"about":[{"href":"https:\/\/www.marzicake.cz\/index.php?rest_route=\/wp\/v2\/types\/post"}],"author":[{"embeddable":true,"href":"https:\/\/www.marzicake.cz\/index.php?rest_route=\/wp\/v2\/users\/1"}],"replies":[{"embeddable":true,"href":"https:\/\/www.marzicake.cz\/index.php?rest_route=%2Fwp%2Fv2%2Fcomments&post=5017"}],"version-history":[{"count":4,"href":"https:\/\/www.marzicake.cz\/index.php?rest_route=\/wp\/v2\/posts\/5017\/revisions"}],"predecessor-version":[{"id":224389,"href":"https:\/\/www.marzicake.cz\/index.php?rest_route=\/wp\/v2\/posts\/5017\/revisions\/224389"}],"wp:featuredmedia":[{"embeddable":true,"href":"https:\/\/www.marzicake.cz\/index.php?rest_route=\/wp\/v2\/media\/224224"}],"wp:attachment":[{"href":"https:\/\/www.marzicake.cz\/index.php?rest_route=%2Fwp%2Fv2%2Fmedia&parent=5017"}],"wp:term":[{"taxonomy":"category","embeddable":true,"href":"https:\/\/www.marzicake.cz\/index.php?rest_route=%2Fwp%2Fv2%2Fcategories&post=5017"},{"taxonomy":"post_tag","embeddable":true,"href":"https:\/\/www.marzicake.cz\/index.php?rest_route=%2Fwp%2Fv2%2Ftags&post=5017"}],"curies":[{"name":"wp","href":"https:\/\/api.w.org\/{rel}","templated":true}]}}