{"id":4945,"date":"2019-03-17T09:32:58","date_gmt":"2019-03-17T08:32:58","guid":{"rendered":"http:\/\/www.marzicake.cz\/?p=4945"},"modified":"2020-05-10T18:48:49","modified_gmt":"2020-05-10T16:48:49","slug":"vlny-zivota","status":"publish","type":"post","link":"https:\/\/www.marzicake.cz\/?p=4945","title":{"rendered":"Vlny \u017eivota"},"content":{"rendered":"<p>Bl\u00ed\u017e\u00ed se m\u011bs\u00edc duben a j\u00e1 se pomalu p\u0159ipravuji\u00a0 na oslavy. P\u0159esn\u011b touto dobou jsem p\u0159ed t\u0159emi lety p\u0159ipravovala blog ke zve\u0159ejn\u011bn\u00ed. P\u016fvodn\u011b\u00a0\u0161lo jen o seskupen\u00ed osv\u011bd\u010den\u00fdch recept\u016f, jen\u00a0tak pro dcery a zn\u00e1m\u00e9. Dal\u0161\u00ed m\u011bs\u00edc se v\u0161ak m\u00e9 c\u00edle za\u010daly m\u011bnit. Proto se i na leto\u0161n\u00ed duben mus\u00edm p\u0159ipravit.<\/p>\n<p>Duben hraje v m\u00e9m \u017eivot\u011b v\u00fdznamnou roli. Je m\u011bs\u00edcem,\u00a0ve kter\u00e9m jsem se narodila a pak n\u00e1sleduje spousty drobn\u00fdch zaj\u00edmavost\u00ed. A z t\u011bch je ur\u010dit\u011b nejz\u00e1sadn\u011bj\u0161\u00ed, \u017ee jsem v dubnu 2016 poprv\u00e9 zve\u0159ejnila sv\u016fj prvn\u00ed p\u0159\u00edsp\u011bvek na blog Marzicake. Tak\u017ee letos jsou to 3 roky od\u00a0zah\u00e1jen\u00ed blogersk\u00e9 aktivity.\u00a0Od t\u00e9 doby se nejen na blogu, ale i v m\u00e9m \u017eivot\u011b st\u00e1le n\u011bco d\u011bje. To, \u017ee je blog pouze jen sladk\u00fd, nemus\u00edm asi u\u017e ani zd\u016fraz\u0148ovat. A\u017e na p\u00e1r cukr\u00e1\u0159sk\u00fdch kurz\u016f, kter\u00e9 jsem absolvovala sp\u00ed\u0161e na dolad\u011bn\u00ed m\u00e9ho tvo\u0159en\u00ed, jsem &#8220;cukr\u00e1\u0159 samouk&#8221;. Nech\u00e1v\u00e1m se inspirovat p\u0159edev\u0161\u00edm ze zahrani\u010d\u00ed. To, co m\u011b zaujme, zkou\u0161\u00edm pak doma z podobn\u00fdch nebo u n\u00e1s dostupn\u00fdch surovin. A to je p\u0159esn\u011b to, co m\u011b bav\u00ed. Sna\u017e\u00edm se, aby sestaven\u00e9 recepty byly zvl\u00e1dnuteln\u00e9 laikem i v dom\u00e1c\u00edch podm\u00ednk\u00e1ch.<\/p>\n<p>P\u0159ed rokem jsem za\u010dala p\u0159em\u00fd\u0161let, kam blog posunout a p\u0159ed p\u016fl rokem zah\u00e1jila spolupr\u00e1ci s Kapkou nad\u011bje.\u00a0Po n\u00e1v\u0161t\u011bv\u011b d\u011btsk\u00e9ho odd\u011blen\u00ed Motolsk\u00e9 nemocnice, jsem pochopila, \u017ee m\u00e1 cesta je spr\u00e1vn\u00e1. Ve spolupr\u00e1ci s Herou a Kapkou nad\u011bje jsem zah\u00e1jila projekt &#8220;O Kapku lep\u0161\u00ed blog&#8221; s v\u00fdzvou pro v\u0161echny blogy. V ten okam\u017eik jsem ale ani n\u00e1hodou netu\u0161ila, co budu pro\u017e\u00edvat za p\u00e1r t\u00fddn\u016f j\u00e1. P\u0159esto, \u017ee jsem zhruba 15 let chodila ka\u017ed\u00fd rok na kontrolu a\u00a0byla na\u00a0preventivn\u00edm genetick\u00e9m vy\u0161et\u0159en\u00ed, probl\u00e9mu jsem se nevyhnula. V lednu leto\u0161n\u00edho roku jsem absolvovala 3 biopsie prsu a n\u00e1sledn\u011b operaci.\u00a0Nev\u00edm, pro\u010d mi byla &#8220;nad\u011blena&#8221; tato zku\u0161enost, ale v ka\u017ed\u00e9m p\u0159\u00edpad\u011b c\u00edt\u00edm zm\u011bnu, kterou se mnou tento&#8221;stra\u0161\u00e1k&#8221; mezi nemocemi d\u011bl\u00e1. Bojuji p\u0159edev\u0161\u00edm sama se sebou a d\u011bkuji v\u0161em kolem m\u011b za podporu.\u00a0Proto\u00a0m\u011b pros\u00edm omluvte, \u017ee n\u011bkdy nem\u00e1m s\u00edlu dodr\u017eet intervaly mezi p\u0159\u00edsp\u011bvky. A pr\u00e1v\u011b fotografie sladkosti, kterou jsem k tomuto p\u0159\u00edsp\u011bvku pou\u017eila,\u00a0 mi tak trochu vlny \u017eivota p\u0159ipom\u00edn\u00e1. Recept dopln\u00edm.<\/p>\n<p><img decoding=\"async\" loading=\"lazy\" class=\"size-medium wp-image-4967 alignleft\" src=\"http:\/\/www.marzicake.cz\/wp-content\/uploads\/2019\/03\/Roztan\u010den\u00e9-divadlo-300x276.jpg\" alt=\"\" width=\"300\" height=\"276\" srcset=\"https:\/\/www.marzicake.cz\/wp-content\/uploads\/2019\/03\/Roztan\u010den\u00e9-divadlo-300x276.jpg 300w, https:\/\/www.marzicake.cz\/wp-content\/uploads\/2019\/03\/Roztan\u010den\u00e9-divadlo-600x552.jpg 600w, https:\/\/www.marzicake.cz\/wp-content\/uploads\/2019\/03\/Roztan\u010den\u00e9-divadlo-768x706.jpg 768w, https:\/\/www.marzicake.cz\/wp-content\/uploads\/2019\/03\/Roztan\u010den\u00e9-divadlo-1024x941.jpg 1024w, https:\/\/www.marzicake.cz\/wp-content\/uploads\/2019\/03\/Roztan\u010den\u00e9-divadlo-1080x993.jpg 1080w\" sizes=\"(max-width: 300px) 100vw, 300px\" \/>\u00a0Jak to tak v \u017eivot\u011b ale b\u00fdv\u00e1, nen\u00ed v\u0161e jen \u010dern\u00e9 nebo b\u00edl\u00e9. \u017divot je barevn\u00fd. A tak na jedn\u00e9 stran\u011b v\u00e1s n\u011bco tr\u00e1p\u00ed, ale na t\u00e9 druh\u00e9 v\u00e1m \u017eivot p\u0159in\u00e1\u0161\u00ed nov\u00e1 p\u0159\u00e1telstv\u00ed a radosti. A pro m\u011b t\u00edm te\u010f byl vnou\u010dek a tane\u010dn\u00ed \u00fasp\u011bchy mlad\u0161\u00ed dcery. Cht\u011bla bych touto cestou pod\u011bkovat po\u0159adatel\u016fm projektu Roztan\u010den\u00e9 divadlo, kter\u00e9 po n\u011bkolikalet\u00e9 tane\u010dn\u00ed pauze vt\u00e1hlo dceru zp\u011bt na tane\u010dn\u00ed parket. Roztan\u010den\u00e9 divadlo je projekt dvou mlad\u00fdch tane\u010dn\u00edk\u016f, kte\u0159\u00ed propaguj\u00ed spole\u010densk\u00fd tanec na prknech divadel. Oslovili p\u00e1r podobn\u00fdch tane\u010dn\u00edch nad\u0161enc\u016f, herc\u016f, zp\u011bv\u00e1k\u016f a vnesli na jevi\u0161t\u011b energii a neuv\u011b\u0159itelnou z\u00e1bavu. D\u011bkuji Vladim\u00edrovi Pol\u00edvkovi za jeho \u00fa\u017easn\u00e9 o\u017eiven\u00ed tance o jeho talent a schopnost rozesm\u00e1t cel\u00fd s\u00e1l. Spole\u010densk\u00e9, hlavn\u011b latinskoamerick\u00e9 tance byly toti\u017e na\u0161\u00ed hlavn\u00ed \u017eivotn\u00ed cestou cel\u00e9 d\u011btstv\u00ed a dosp\u00edv\u00e1n\u00ed dcer. Proto, kdy\u017e jsem dceru vid\u011bla po letech tan\u010dit, jako by mi to dodalo s\u00edlu j\u00edt d\u00e1l i s t\u011bmi probl\u00e9my, kter\u00e9 m\u011b te\u010f potk\u00e1vaj\u00ed. \u0158\u00edk\u00e1 se, \u017ee hudba uzdravuje. U m\u011b je to hudba, tanec a cukra\u0159ina. A proto\u017ee m\u00e1m te\u010f i v\u00edce \u010dasu na psan\u00ed, za\u010d\u00edn\u00e1 se r\u00fdsovat n\u011bco, co je\u0161t\u011b nemohu prozradit. To je i dal\u0161\u00edm d\u016fvodem, \u017ee na n\u011bkter\u00e9 recepty si budete muset je\u0161t\u011b chvilku po\u010dkat. Slibuji v\u0161ak, \u017ee nebudete litovat. \u010cek\u00e1 na v\u00e1s mil\u00e9 p\u0159ekvapen\u00ed. Zat\u00edm se t\u011b\u0161te a radujte z ka\u017ed\u00e9ho dne s t\u011bmi nejbli\u017e\u0161\u00edmi.<\/p>\n<p>A jestli je n\u011bco po \u010dem tou\u017e\u00edte, bojujte a sna\u017ete se to z\u00edskat. M\u016f\u017ee to b\u00fdt cokoliv. U m\u011b je to moment\u00e1ln\u011b zdrav\u00ed. Proto obdivuji v\u0161echny, kte\u0159\u00ed ten boj zvl\u00e1dli a d\u00e1vaj\u00ed n\u00e1m ostatn\u00edm nad\u011bji. N\u011bkdy je pot\u0159eba pro\u017e\u00edt n\u011bco, co otev\u00edr\u00e1 dve\u0159e pro to &#8220;jin\u00e9&#8221;.<\/p>\n<div style=\"width: 640px;\" class=\"wp-video\"><!--[if lt IE 9]><script>document.createElement('video');<\/script><![endif]-->\n<video class=\"wp-video-shortcode\" id=\"video-4945-1\" width=\"640\" height=\"368\" preload=\"metadata\" controls=\"controls\"><source type=\"video\/mp4\" src=\"http:\/\/www.marzicake.cz\/wp-content\/uploads\/2019\/03\/video-1552739067.mp4?_=1\" \/><a href=\"http:\/\/www.marzicake.cz\/wp-content\/uploads\/2019\/03\/video-1552739067.mp4\">http:\/\/www.marzicake.cz\/wp-content\/uploads\/2019\/03\/video-1552739067.mp4<\/a><\/video><\/div>\n<div style=\"width: 640px;\" class=\"wp-video\"><video class=\"wp-video-shortcode\" id=\"video-4945-2\" width=\"640\" height=\"368\" preload=\"metadata\" controls=\"controls\"><source type=\"video\/mp4\" src=\"http:\/\/www.marzicake.cz\/wp-content\/uploads\/2019\/03\/video-1552739048.mp4?_=2\" \/><a href=\"http:\/\/www.marzicake.cz\/wp-content\/uploads\/2019\/03\/video-1552739048.mp4\">http:\/\/www.marzicake.cz\/wp-content\/uploads\/2019\/03\/video-1552739048.mp4<\/a><\/video><\/div>\n<p>Janina Birhanzlov\u00e1, d\u011bkuji za poskytnut\u00e1 videa.<\/p>\n<p><a href=\"http:\/\/www.marzicake.cz\/wp-content\/uploads\/2019\/03\/TANE\u010cN\u00cdCI.jpg\"><img decoding=\"async\" loading=\"lazy\" class=\"alignnone size-medium wp-image-4974\" src=\"http:\/\/www.marzicake.cz\/wp-content\/uploads\/2019\/03\/TANE\u010cN\u00cdCI-300x187.jpg\" alt=\"TANE\u010cN\u00cdCI\" width=\"300\" height=\"187\" srcset=\"https:\/\/www.marzicake.cz\/wp-content\/uploads\/2019\/03\/TANE\u010cN\u00cdCI-300x187.jpg 300w, https:\/\/www.marzicake.cz\/wp-content\/uploads\/2019\/03\/TANE\u010cN\u00cdCI-600x374.jpg 600w, https:\/\/www.marzicake.cz\/wp-content\/uploads\/2019\/03\/TANE\u010cN\u00cdCI-768x478.jpg 768w, https:\/\/www.marzicake.cz\/wp-content\/uploads\/2019\/03\/TANE\u010cN\u00cdCI-1024x638.jpg 1024w, https:\/\/www.marzicake.cz\/wp-content\/uploads\/2019\/03\/TANE\u010cN\u00cdCI-1080x672.jpg 1080w, https:\/\/www.marzicake.cz\/wp-content\/uploads\/2019\/03\/TANE\u010cN\u00cdCI.jpg 1709w\" sizes=\"(max-width: 300px) 100vw, 300px\" \/><\/a><\/p>\n<p>Foto: Luk\u00e1\u0161 Kraj\u010do<\/p>\n","protected":false},"excerpt":{"rendered":"<p>Bl\u00ed\u017e\u00ed se m\u011bs\u00edc duben a j\u00e1 se pomalu p\u0159ipravuji\u00a0 na oslavy. P\u0159esn\u011b touto dobou jsem p\u0159ed t\u0159emi lety p\u0159ipravovala blog ke zve\u0159ejn\u011bn\u00ed. P\u016fvodn\u011b\u00a0\u0161lo jen o seskupen\u00ed osv\u011bd\u010den\u00fdch recept\u016f, jen\u00a0tak pro dcery a zn\u00e1m\u00e9. Dal\u0161\u00ed m\u011bs\u00edc se v\u0161ak m\u00e9 c\u00edle za\u010daly m\u011bnit. Proto se i na leto\u0161n\u00ed duben mus\u00edm p\u0159ipravit. Duben hraje v m\u00e9m \u017eivot\u011b v\u00fdznamnou&#8230;<\/p>\n<p><a class=\"more-link\" href=\"https:\/\/www.marzicake.cz\/?p=4945\">\u010cti d\u00e1l<\/a><\/p>\n","protected":false},"author":1,"featured_media":224395,"comment_status":"open","ping_status":"open","sticky":false,"template":"","format":"standard","meta":{"wprm-recipe-roundup-name":"","wprm-recipe-roundup-description":"","_mi_skip_tracking":false,"_genesis_hide_title":false,"_genesis_hide_breadcrumbs":false,"_genesis_hide_singular_image":false,"_genesis_custom_body_class":"","_genesis_custom_post_class":"","_genesis_layout":""},"categories":[400],"tags":[],"_links":{"self":[{"href":"https:\/\/www.marzicake.cz\/index.php?rest_route=\/wp\/v2\/posts\/4945"}],"collection":[{"href":"https:\/\/www.marzicake.cz\/index.php?rest_route=\/wp\/v2\/posts"}],"about":[{"href":"https:\/\/www.marzicake.cz\/index.php?rest_route=\/wp\/v2\/types\/post"}],"author":[{"embeddable":true,"href":"https:\/\/www.marzicake.cz\/index.php?rest_route=\/wp\/v2\/users\/1"}],"replies":[{"embeddable":true,"href":"https:\/\/www.marzicake.cz\/index.php?rest_route=%2Fwp%2Fv2%2Fcomments&post=4945"}],"version-history":[{"count":15,"href":"https:\/\/www.marzicake.cz\/index.php?rest_route=\/wp\/v2\/posts\/4945\/revisions"}],"predecessor-version":[{"id":229954,"href":"https:\/\/www.marzicake.cz\/index.php?rest_route=\/wp\/v2\/posts\/4945\/revisions\/229954"}],"wp:featuredmedia":[{"embeddable":true,"href":"https:\/\/www.marzicake.cz\/index.php?rest_route=\/wp\/v2\/media\/224395"}],"wp:attachment":[{"href":"https:\/\/www.marzicake.cz\/index.php?rest_route=%2Fwp%2Fv2%2Fmedia&parent=4945"}],"wp:term":[{"taxonomy":"category","embeddable":true,"href":"https:\/\/www.marzicake.cz\/index.php?rest_route=%2Fwp%2Fv2%2Fcategories&post=4945"},{"taxonomy":"post_tag","embeddable":true,"href":"https:\/\/www.marzicake.cz\/index.php?rest_route=%2Fwp%2Fv2%2Ftags&post=4945"}],"curies":[{"name":"wp","href":"https:\/\/api.w.org\/{rel}","templated":true}]}}