{"id":4834,"date":"2018-12-25T22:06:59","date_gmt":"2018-12-25T21:06:59","guid":{"rendered":"http:\/\/www.marzicake.cz\/?p=4834"},"modified":"2020-05-10T18:45:43","modified_gmt":"2020-05-10T16:45:43","slug":"vanoce-2018","status":"publish","type":"post","link":"https:\/\/www.marzicake.cz\/?p=4834","title":{"rendered":"V\u00e1noce 2018"},"content":{"rendered":"<p>Tento p\u0159\u00edsp\u011bvek je posledn\u00ed, kter\u00fd v roce 2018 na blogu zve\u0159ejn\u00edm. P\u0159em\u00fd\u0161lela jsem,\u00a0jakou hlavn\u00ed fotku k n\u011bmu vyberu. Jak jsem tak proch\u00e1zela v\u0161echny fotografie souvisej\u00edc\u00ed s v\u00e1no\u010dn\u00edmi sv\u00e1tky, a\u017e m\u011b p\u0159ekvapilo, kolik jsem toho za posledn\u00ed dva m\u011bs\u00edce napekla a n\u00e1sledn\u011b nafotila. Mo\u017en\u00e1 i proto, \u017ee\u00a0v\u0161echno tvo\u0159\u00edm a\u017e po sv\u00e9m zam\u011bstn\u00e1n\u00ed ve voln\u00e9m \u010dase. N\u011bkter\u00e9 fotografie jsem je\u0161t\u011b nezve\u0159ejnila a mo\u017en\u00e1 ani nezve\u0159ejn\u00edm. Je jich opravdu hodn\u011b.<\/p>\n<p>Nakonec jsem vybrala fotku, kter\u00e1 je tak trochu d\u011btsk\u00e1. A pro\u010d? Proto\u017ee V\u00e1noce jsou pro m\u011b v\u017edycky spojen\u00e9 s d\u011btmi. Sama dost \u010dasto vzpom\u00edn\u00e1m na to, kdy\u017e jsem byla mal\u00e1. Na to jak\u00e9 d\u00e1rky jsem si p\u0159\u00e1la, jak\u00e9 jsem dostala a nedostala, co jsme m\u011bli k j\u00eddlu na \u0160t\u011bdr\u00fd ve\u010der, co mi chutnalo a nechutnalo a jak\u00e9 poh\u00e1dky jsem m\u011bla nejrad\u011bji. V ka\u017ed\u00e9m z n\u00e1s je tak trochu st\u00e1le n\u011bco m\u00e1lo z d\u00edt\u011bte. I kdy\u017e je velmi t\u011b\u017ek\u00e9 si za tv\u00e1\u0159\u00ed prezidenta, mana\u017eera, profesora, l\u00e9ka\u0159e, u\u010ditele, soudce a dal\u0161\u00edch, p\u0159edstavit d\u00edt\u011b. V\u011b\u0159te, ale \u017ee to tak trochu je. V\u0161ichni dost \u010dasto a pr\u00e1v\u011b o V\u00e1noc\u00edch vzpom\u00edn\u00e1me na dobu, kdy\u017e jsme byli mal\u00ed. Je to \u00fasm\u011bvn\u00e9, ale letos nezavzpom\u00ednala jen m\u00e1 mamka, kter\u00e9 bylo ned\u00e1vno 70, ale u\u017e i m\u00e9 dcery, kter\u00fdm je p\u0159es 20. Ty p\u0159\u00edb\u011bhy jsou opravdu vtipn\u00e9. V\u011b\u0159\u00edm, \u017ee i vy, n\u00e1v\u0161t\u011bvn\u00edci blogu, m\u00e1te spousty sv\u00fdch vzpom\u00ednek na d\u011btsk\u00e9 V\u00e1noce. A mo\u017en\u00e1 pr\u00e1v\u011b d\u00edky vzpom\u00ednk\u00e1ch my v\u0161ichni p\u0159ipravujeme to v\u00e1no\u010dn\u00ed kouzlo pro sv\u00e9 d\u011bti a nebo vnou\u010data. Jsou to r\u016fzn\u00e9 rodinn\u00e9 v\u00e1no\u010dn\u00ed tradice, zvyky, j\u00eddlo, d\u00e1rky, situace. To n\u00e1s vrac\u00ed zp\u00e1tky do toho d\u011btsk\u00e9ho sv\u011bta v n\u00e1s. Milujeme to. Proto jsme o V\u00e1noc\u00edch v\u0161ichni jako vym\u011bn\u011bni. Ano, jsme citliv\u011bj\u0161\u00ed. Stejn\u011b jako mal\u00e9 d\u011bti. \ud83d\ude42\u00a0 U\u017e\u00edvejme si t\u011bch chvilek se v\u0161\u00edm, co k tomu pat\u0159\u00ed. A k t\u00e9 pohod\u011b ur\u010dit\u011b pat\u0159\u00ed i n\u011bco sladk\u00e9ho.V kaitole V\u00e1noce najdete r\u016fzn\u00e9 zaj\u00edmav\u00e9 recepty. T\u0159eba i pern\u00edkov\u00fd dort ozdoben\u00fd <a href=\"http:\/\/www.marzicake.cz\/?page_id=112\">pern\u00ed\u010dky<\/a> pro kluky a holky v n\u00e1s. \ud83d\ude42 Dny pln\u00e9 zdrav\u00ed a pohody.<\/p>\n","protected":false},"excerpt":{"rendered":"<p>Tento p\u0159\u00edsp\u011bvek je posledn\u00ed, kter\u00fd v roce 2018 na blogu zve\u0159ejn\u00edm. P\u0159em\u00fd\u0161lela jsem,\u00a0jakou hlavn\u00ed fotku k n\u011bmu vyberu. Jak jsem tak proch\u00e1zela v\u0161echny fotografie souvisej\u00edc\u00ed s v\u00e1no\u010dn\u00edmi sv\u00e1tky, a\u017e m\u011b p\u0159ekvapilo, kolik jsem toho za posledn\u00ed dva m\u011bs\u00edce napekla a n\u00e1sledn\u011b nafotila. Mo\u017en\u00e1 i proto, \u017ee\u00a0v\u0161echno tvo\u0159\u00edm a\u017e po sv\u00e9m zam\u011bstn\u00e1n\u00ed ve voln\u00e9m \u010dase. N\u011bkter\u00e9&#8230;<\/p>\n<p><a class=\"more-link\" href=\"https:\/\/www.marzicake.cz\/?p=4834\">\u010cti d\u00e1l<\/a><\/p>\n","protected":false},"author":1,"featured_media":224414,"comment_status":"open","ping_status":"open","sticky":false,"template":"","format":"standard","meta":{"wprm-recipe-roundup-name":"","wprm-recipe-roundup-description":"","_mi_skip_tracking":false,"_genesis_hide_title":false,"_genesis_hide_breadcrumbs":false,"_genesis_hide_singular_image":false,"_genesis_custom_body_class":"","_genesis_custom_post_class":"","_genesis_layout":""},"categories":[400],"tags":[],"_links":{"self":[{"href":"https:\/\/www.marzicake.cz\/index.php?rest_route=\/wp\/v2\/posts\/4834"}],"collection":[{"href":"https:\/\/www.marzicake.cz\/index.php?rest_route=\/wp\/v2\/posts"}],"about":[{"href":"https:\/\/www.marzicake.cz\/index.php?rest_route=\/wp\/v2\/types\/post"}],"author":[{"embeddable":true,"href":"https:\/\/www.marzicake.cz\/index.php?rest_route=\/wp\/v2\/users\/1"}],"replies":[{"embeddable":true,"href":"https:\/\/www.marzicake.cz\/index.php?rest_route=%2Fwp%2Fv2%2Fcomments&post=4834"}],"version-history":[{"count":9,"href":"https:\/\/www.marzicake.cz\/index.php?rest_route=\/wp\/v2\/posts\/4834\/revisions"}],"predecessor-version":[{"id":229952,"href":"https:\/\/www.marzicake.cz\/index.php?rest_route=\/wp\/v2\/posts\/4834\/revisions\/229952"}],"wp:featuredmedia":[{"embeddable":true,"href":"https:\/\/www.marzicake.cz\/index.php?rest_route=\/wp\/v2\/media\/224414"}],"wp:attachment":[{"href":"https:\/\/www.marzicake.cz\/index.php?rest_route=%2Fwp%2Fv2%2Fmedia&parent=4834"}],"wp:term":[{"taxonomy":"category","embeddable":true,"href":"https:\/\/www.marzicake.cz\/index.php?rest_route=%2Fwp%2Fv2%2Fcategories&post=4834"},{"taxonomy":"post_tag","embeddable":true,"href":"https:\/\/www.marzicake.cz\/index.php?rest_route=%2Fwp%2Fv2%2Ftags&post=4834"}],"curies":[{"name":"wp","href":"https:\/\/api.w.org\/{rel}","templated":true}]}}