{"id":4812,"date":"2018-12-19T11:12:41","date_gmt":"2018-12-19T10:12:41","guid":{"rendered":"http:\/\/www.marzicake.cz\/?p=4812"},"modified":"2019-10-15T22:13:23","modified_gmt":"2019-10-15T20:13:23","slug":"jedle-darky-a-vanocni-cukrovi","status":"publish","type":"post","link":"https:\/\/www.marzicake.cz\/?p=4812","title":{"rendered":"Jedl\u00e9 d\u00e1rky a v\u00e1no\u010dn\u00ed cukrov\u00ed"},"content":{"rendered":"<p><a href=\"http:\/\/www.marzicake.cz\/wp-content\/uploads\/2018\/12\/Stromystromkylogo.jpg\"><img decoding=\"async\" loading=\"lazy\" class=\"size-medium wp-image-4699 alignleft\" src=\"http:\/\/www.marzicake.cz\/wp-content\/uploads\/2018\/12\/Stromystromkylogo-300x227.jpg\" alt=\"Stromy+stromky+logo\" width=\"300\" height=\"227\" srcset=\"https:\/\/www.marzicake.cz\/wp-content\/uploads\/2018\/12\/Stromystromkylogo-300x227.jpg 300w, https:\/\/www.marzicake.cz\/wp-content\/uploads\/2018\/12\/Stromystromkylogo-768x581.jpg 768w, https:\/\/www.marzicake.cz\/wp-content\/uploads\/2018\/12\/Stromystromkylogo-1024x774.jpg 1024w, https:\/\/www.marzicake.cz\/wp-content\/uploads\/2018\/12\/Stromystromkylogo-1080x817.jpg 1080w\" sizes=\"(max-width: 300px) 100vw, 300px\" \/><\/a>Jak jsem ji\u017e psala v&nbsp;posledn\u00edm ze sv\u00fdch p\u0159\u00edsp\u011bvk\u016f, jedl\u00e9 d\u00e1rky jsou pro m\u011b tradice. Ka\u017ed\u00fd rok jich rozd\u00e1m opravdu hodn\u011b. Letos jsem m\u011bla rekord. <a href=\"http:\/\/www.marzicake.cz\/?p=4778\">1300 pern\u00edk\u016f<\/a>, 21 kg cukrov\u00ed, 10 v\u00e1no\u010dek a 10 lahv\u00ed vaje\u010dn\u00e9ho ko\u0148aku bylo i na m\u011b dost. Po takov\u00e9m v\u00fdkonu n\u00e1sledovalo 7,5 hodinov\u00fd \u00faklid, po kter\u00e9m jsem u\u017e myslela, jen na le\u017een\u00ed v&nbsp;posteli. \ud83d\ude42<\/p>\n<p>St\u00e1le mi p\u00ed\u0161ete o recepty. Sna\u017eila jsem se odepisovat, jak to jen \u0161lo. N\u011bkter\u00e9 recepty jsem toti\u017e pro neust\u00e1l\u00e9 okupov\u00e1n\u00ed trouby, nest\u00edhala p\u0159id\u00e1vat na blog. Tak snad jsem v\u0161echny z&nbsp;v\u00e1s uspokojila a cukrov\u00ed se v\u0161em povedlo. To je tak, kdy\u017e p\u0159es den pracuji jako pr\u00e1vn\u00edk a ve\u010der po pr\u00e1ci a o v\u00edkendech se prom\u011bn\u00edm v nad\u0161ence do pe\u010den\u00ed a cukra\u0159iny\u2026 Tak\u017ee d\u011bkuji za pochopen\u00ed.&nbsp; Dala jsem si v\u0161ak p\u0159edsevzet\u00ed, \u017ee na V\u00e1noce 2019, p\u0159iprav\u00edm v\u0161echny v\u00e1no\u010dn\u00ed recepty v&nbsp;p\u0159edstihu a to tak, \u017ee u\u017e na po\u010d\u00e1tku listopadu budou k&nbsp;dispozici. Tla\u010d\u00ed m\u011b k&nbsp;tomu i m\u00e1 star\u0161\u00ed dcera, kter\u00e1 se letos dala do \u201eprvn\u00edho velk\u00e9ho pe\u010den\u00ed\u201c v\u00e1no\u010dn\u00edho cukrov\u00ed a na blogu n\u011bkter\u00e9 na\u0161e obl\u00edben\u00e9 rodinn\u00e9 recepty nena\u0161la\u2026 \ud83d\ude42<\/p>\n<p><a href=\"http:\/\/www.marzicake.cz\/wp-content\/uploads\/2018\/11\/V\u00e1no\u010dn\u00ed-m\u011bs\u00edc-2logo.jpg\"><img decoding=\"async\" loading=\"lazy\" class=\" wp-image-4648 alignleft\" src=\"http:\/\/www.marzicake.cz\/wp-content\/uploads\/2018\/11\/V\u00e1no\u010dn\u00ed-m\u011bs\u00edc-2logo-241x300.jpg\" alt=\"V\u00e1no\u010dn\u00ed m\u011bs\u00edc 2+logo\" width=\"72\" height=\"90\" srcset=\"https:\/\/www.marzicake.cz\/wp-content\/uploads\/2018\/11\/V\u00e1no\u010dn\u00ed-m\u011bs\u00edc-2logo-241x300.jpg 241w, https:\/\/www.marzicake.cz\/wp-content\/uploads\/2018\/11\/V\u00e1no\u010dn\u00ed-m\u011bs\u00edc-2logo-768x957.jpg 768w, https:\/\/www.marzicake.cz\/wp-content\/uploads\/2018\/11\/V\u00e1no\u010dn\u00ed-m\u011bs\u00edc-2logo-822x1024.jpg 822w, https:\/\/www.marzicake.cz\/wp-content\/uploads\/2018\/11\/V\u00e1no\u010dn\u00ed-m\u011bs\u00edc-2logo-1080x1346.jpg 1080w\" sizes=\"(max-width: 72px) 100vw, 72px\" \/><\/a>Za to se zapojila do sladk\u00e9ho pe\u010den\u00ed s&nbsp;\u010dasopisem Gurmet. Za m\u00e9 pomoci nakonec vysout\u011b\u017eila prvn\u00ed cenu. Sama by to s&nbsp;11 m\u011bs\u00ed\u010dn\u00edm ro\u0161\u0165\u00e1kem nedala, ale kdy\u017e se spoj\u00ed dv\u011b nad\u0161enkyn\u011b, tak n\u00e1s neodrad\u00ed ani &nbsp;&nbsp;&nbsp;\u201elezouc\u00ed Meresjev\u201c u nohou\u2026 \ud83d\ude42<\/p>\n<p>&nbsp;<\/p>\n<p><strong>A u koho m\u016f\u017eete m\u00e9 jedl\u00e9 d\u00e1rky zahl\u00e9dnout?<\/strong> Tak p\u0159edev\u0161\u00edm u m\u00e9 maminky a jej\u00edch kamar\u00e1dek, u dcer a jejich kamar\u00e1d\u016f, ve velk\u00e9m ve Fakultn\u00ed nemocnici Motol, v&nbsp;televizn\u00ed reklam\u011b Kapky nad\u011bje a Hery, na Instagramu a <a href=\"https:\/\/www.radioblatna.cz\/blogerka-marzicake.html\">webu r\u00e1dia Blatn\u00e1<\/a> a Instagramu&nbsp;<a href=\"https:\/\/www.instagram.com\/vendulapizingerova\/?hl=cs\">Venduly Pizingerov\u00e9<\/a>, u v\u011bt\u0161iny m\u00fdch p\u0159\u00e1tel a kamar\u00e1d\u016f, u \u0159idi\u010d\u016f autobus\u016f, u spolucestuj\u00edc\u00edch z&nbsp;autobusu, u p\u0159\u00edbuzn\u00fdch ze v\u0161ech stran\u2026, u koleg\u016f z&nbsp;advok\u00e1tn\u00ed kancel\u00e1\u0159e a v&nbsp;obchodech kter\u00e9 r\u00e1da nav\u0161t\u011bvuji d\u00edky lidem, kter\u00e9 tam svou pr\u00e1ci d\u011blaj\u00ed dob\u0159e. M\u011b nakonec zbyl jen jeden pern\u00ed\u010dek, kter\u00fd zdob\u00ed vstup do na\u0161eho domu. Asi budu muset p\u0159\u00ed\u0161t\u00ed rok zvednout la\u0165ku toho sv\u00e9ho rekordu.<\/p>\n<p><a href=\"http:\/\/www.marzicake.cz\/wp-content\/uploads\/2018\/12\/V\u011bnec-s-hv\u011bzdami-2.jpg\"><img decoding=\"async\" loading=\"lazy\" class=\"alignnone size-medium wp-image-4700\" src=\"http:\/\/www.marzicake.cz\/wp-content\/uploads\/2018\/12\/V\u011bnec-s-hv\u011bzdami-2-300x199.jpg\" alt=\"V\u011bnec s hv\u011bzdami 2\" width=\"300\" height=\"199\" srcset=\"https:\/\/www.marzicake.cz\/wp-content\/uploads\/2018\/12\/V\u011bnec-s-hv\u011bzdami-2-300x199.jpg 300w, https:\/\/www.marzicake.cz\/wp-content\/uploads\/2018\/12\/V\u011bnec-s-hv\u011bzdami-2-768x509.jpg 768w, https:\/\/www.marzicake.cz\/wp-content\/uploads\/2018\/12\/V\u011bnec-s-hv\u011bzdami-2-1024x678.jpg 1024w, https:\/\/www.marzicake.cz\/wp-content\/uploads\/2018\/12\/V\u011bnec-s-hv\u011bzdami-2-1080x715.jpg 1080w\" sizes=\"(max-width: 300px) 100vw, 300px\" \/><\/a>&nbsp;<a href=\"http:\/\/www.marzicake.cz\/wp-content\/uploads\/2018\/12\/Pern\u00edkov\u00fd-stromekLOGO.jpg\"><img decoding=\"async\" loading=\"lazy\" class=\"alignnone wp-image-4806\" src=\"http:\/\/www.marzicake.cz\/wp-content\/uploads\/2018\/12\/Pern\u00edkov\u00fd-stromekLOGO-300x244.jpg\" alt=\"Pern\u00edkov\u00fd stromek+LOGO\" width=\"243\" height=\"198\" srcset=\"https:\/\/www.marzicake.cz\/wp-content\/uploads\/2018\/12\/Pern\u00edkov\u00fd-stromekLOGO-300x244.jpg 300w, https:\/\/www.marzicake.cz\/wp-content\/uploads\/2018\/12\/Pern\u00edkov\u00fd-stromekLOGO-768x624.jpg 768w, https:\/\/www.marzicake.cz\/wp-content\/uploads\/2018\/12\/Pern\u00edkov\u00fd-stromekLOGO-1024x832.jpg 1024w, https:\/\/www.marzicake.cz\/wp-content\/uploads\/2018\/12\/Pern\u00edkov\u00fd-stromekLOGO-1080x878.jpg 1080w\" sizes=\"(max-width: 243px) 100vw, 243px\" \/><\/a><\/p>\n<p><a href=\"http:\/\/www.marzicake.cz\/wp-content\/uploads\/2018\/12\/Nepe\u010den\u00e9-v\u00e1no\u010dn\u00ed-cukrov\u00ed.jpg\"><img decoding=\"async\" loading=\"lazy\" class=\"alignnone size-medium wp-image-4801\" src=\"http:\/\/www.marzicake.cz\/wp-content\/uploads\/2018\/12\/Nepe\u010den\u00e9-v\u00e1no\u010dn\u00ed-cukrov\u00ed-300x199.jpg\" alt=\"Nepe\u010den\u00e9 v\u00e1no\u010dn\u00ed cukrov\u00ed\" width=\"300\" height=\"199\" srcset=\"https:\/\/www.marzicake.cz\/wp-content\/uploads\/2018\/12\/Nepe\u010den\u00e9-v\u00e1no\u010dn\u00ed-cukrov\u00ed-300x199.jpg 300w, https:\/\/www.marzicake.cz\/wp-content\/uploads\/2018\/12\/Nepe\u010den\u00e9-v\u00e1no\u010dn\u00ed-cukrov\u00ed-768x509.jpg 768w, https:\/\/www.marzicake.cz\/wp-content\/uploads\/2018\/12\/Nepe\u010den\u00e9-v\u00e1no\u010dn\u00ed-cukrov\u00ed-1024x678.jpg 1024w, https:\/\/www.marzicake.cz\/wp-content\/uploads\/2018\/12\/Nepe\u010den\u00e9-v\u00e1no\u010dn\u00ed-cukrov\u00ed-1080x715.jpg 1080w\" sizes=\"(max-width: 300px) 100vw, 300px\" \/><\/a>&nbsp;<a href=\"http:\/\/www.marzicake.cz\/wp-content\/uploads\/2018\/12\/V\u00e1no\u010dkalogo.jpg\"><img decoding=\"async\" loading=\"lazy\" class=\"alignnone wp-image-4711\" src=\"http:\/\/www.marzicake.cz\/wp-content\/uploads\/2018\/12\/V\u00e1no\u010dkalogo-300x215.jpg\" alt=\"V\u00e1no\u010dka+logo\" width=\"278\" height=\"199\" srcset=\"https:\/\/www.marzicake.cz\/wp-content\/uploads\/2018\/12\/V\u00e1no\u010dkalogo-300x215.jpg 300w, https:\/\/www.marzicake.cz\/wp-content\/uploads\/2018\/12\/V\u00e1no\u010dkalogo-768x550.jpg 768w, https:\/\/www.marzicake.cz\/wp-content\/uploads\/2018\/12\/V\u00e1no\u010dkalogo-1024x734.jpg 1024w, https:\/\/www.marzicake.cz\/wp-content\/uploads\/2018\/12\/V\u00e1no\u010dkalogo-800x573.jpg 800w, https:\/\/www.marzicake.cz\/wp-content\/uploads\/2018\/12\/V\u00e1no\u010dkalogo-600x430.jpg 600w, https:\/\/www.marzicake.cz\/wp-content\/uploads\/2018\/12\/V\u00e1no\u010dkalogo-1080x774.jpg 1080w\" sizes=\"(max-width: 278px) 100vw, 278px\" \/><\/a><\/p>\n<p><a href=\"http:\/\/www.marzicake.cz\/wp-content\/uploads\/2018\/12\/Cukrov\u00ed-2018.jpg\"><img decoding=\"async\" loading=\"lazy\" class=\"alignnone size-medium wp-image-4803\" src=\"http:\/\/www.marzicake.cz\/wp-content\/uploads\/2018\/12\/Cukrov\u00ed-2018-300x214.jpg\" alt=\"Cukrov\u00ed 2018\" width=\"300\" height=\"214\" srcset=\"https:\/\/www.marzicake.cz\/wp-content\/uploads\/2018\/12\/Cukrov\u00ed-2018-300x214.jpg 300w, https:\/\/www.marzicake.cz\/wp-content\/uploads\/2018\/12\/Cukrov\u00ed-2018-768x549.jpg 768w, https:\/\/www.marzicake.cz\/wp-content\/uploads\/2018\/12\/Cukrov\u00ed-2018-1024x732.jpg 1024w, https:\/\/www.marzicake.cz\/wp-content\/uploads\/2018\/12\/Cukrov\u00ed-2018-1080x772.jpg 1080w\" sizes=\"(max-width: 300px) 100vw, 300px\" \/><\/a>&nbsp;<a href=\"http:\/\/www.marzicake.cz\/wp-content\/uploads\/2018\/12\/Cukrov\u00ed-2018-2.jpg\"><img decoding=\"async\" loading=\"lazy\" class=\"alignnone wp-image-4802\" src=\"http:\/\/www.marzicake.cz\/wp-content\/uploads\/2018\/12\/Cukrov\u00ed-2018-2-300x225.jpg\" alt=\"Cukrov\u00ed 2018 2\" width=\"284\" height=\"213\" srcset=\"https:\/\/www.marzicake.cz\/wp-content\/uploads\/2018\/12\/Cukrov\u00ed-2018-2-300x225.jpg 300w, https:\/\/www.marzicake.cz\/wp-content\/uploads\/2018\/12\/Cukrov\u00ed-2018-2-768x576.jpg 768w, https:\/\/www.marzicake.cz\/wp-content\/uploads\/2018\/12\/Cukrov\u00ed-2018-2-1024x767.jpg 1024w, https:\/\/www.marzicake.cz\/wp-content\/uploads\/2018\/12\/Cukrov\u00ed-2018-2-1080x809.jpg 1080w\" sizes=\"(max-width: 284px) 100vw, 284px\" \/><\/a><\/p>\n<p>D\u011bkuji Va\u0161\u00edkovi a Vil\u00edkovi za n\u00e1dhern\u00fd obr\u00e1zek, kter\u00fd zdob\u00ed mou kancel\u00e1\u0159. Poznala jsem je i rodi\u010de d\u00edky spolupr\u00e1ci s&nbsp;<a href=\"https:\/\/www.pecenijeradost.cz\/cs\">Herou<\/a> a <a href=\"http:\/\/www.kapkanadeje.cz\/\">Kapkou nad\u011bje<\/a> a moc si toho pova\u017euji. Jsem r\u00e1da, \u017ee mohou tr\u00e1vit V\u00e1noce doma a ne za okny nemocnice. Pevn\u00e9 zdrav\u00ed a pohodu v\u00e1m v\u0161em, n\u00e1v\u0161t\u011bvn\u00edk\u016fm blogu. A v\u00e1m, co jste se u\u017e zapojili do projektu \u201e <a href=\"http:\/\/www.marzicake.cz\/?page_id=4626\">O Kapku lep\u0161\u00ed blog<\/a>\u201c, kter\u00fd bude prob\u00edhat po cel\u00fd rok 2019, velmi d\u011bkuji.<\/p>\n<p>&nbsp;<\/p>\n","protected":false},"excerpt":{"rendered":"<p>Jak jsem ji\u017e psala v&nbsp;posledn\u00edm ze sv\u00fdch p\u0159\u00edsp\u011bvk\u016f, jedl\u00e9 d\u00e1rky jsou pro m\u011b tradice. Ka\u017ed\u00fd rok jich rozd\u00e1m opravdu hodn\u011b. Letos jsem m\u011bla rekord. 1300 pern\u00edk\u016f, 21 kg cukrov\u00ed, 10 v\u00e1no\u010dek a 10 lahv\u00ed vaje\u010dn\u00e9ho ko\u0148aku bylo i na m\u011b dost. Po takov\u00e9m v\u00fdkonu n\u00e1sledovalo 7,5 hodinov\u00fd \u00faklid, po kter\u00e9m jsem u\u017e myslela, jen na&#8230;<\/p>\n<p><a class=\"more-link\" href=\"https:\/\/www.marzicake.cz\/?p=4812\">\u010cti d\u00e1l<\/a><\/p>\n","protected":false},"author":1,"featured_media":224411,"comment_status":"open","ping_status":"open","sticky":false,"template":"","format":"standard","meta":{"wprm-recipe-roundup-name":"","wprm-recipe-roundup-description":"","_mi_skip_tracking":false,"_genesis_hide_title":false,"_genesis_hide_breadcrumbs":false,"_genesis_hide_singular_image":false,"_genesis_custom_body_class":"","_genesis_custom_post_class":"","_genesis_layout":""},"categories":[400],"tags":[],"_links":{"self":[{"href":"https:\/\/www.marzicake.cz\/index.php?rest_route=\/wp\/v2\/posts\/4812"}],"collection":[{"href":"https:\/\/www.marzicake.cz\/index.php?rest_route=\/wp\/v2\/posts"}],"about":[{"href":"https:\/\/www.marzicake.cz\/index.php?rest_route=\/wp\/v2\/types\/post"}],"author":[{"embeddable":true,"href":"https:\/\/www.marzicake.cz\/index.php?rest_route=\/wp\/v2\/users\/1"}],"replies":[{"embeddable":true,"href":"https:\/\/www.marzicake.cz\/index.php?rest_route=%2Fwp%2Fv2%2Fcomments&post=4812"}],"version-history":[{"count":6,"href":"https:\/\/www.marzicake.cz\/index.php?rest_route=\/wp\/v2\/posts\/4812\/revisions"}],"predecessor-version":[{"id":224413,"href":"https:\/\/www.marzicake.cz\/index.php?rest_route=\/wp\/v2\/posts\/4812\/revisions\/224413"}],"wp:featuredmedia":[{"embeddable":true,"href":"https:\/\/www.marzicake.cz\/index.php?rest_route=\/wp\/v2\/media\/224411"}],"wp:attachment":[{"href":"https:\/\/www.marzicake.cz\/index.php?rest_route=%2Fwp%2Fv2%2Fmedia&parent=4812"}],"wp:term":[{"taxonomy":"category","embeddable":true,"href":"https:\/\/www.marzicake.cz\/index.php?rest_route=%2Fwp%2Fv2%2Fcategories&post=4812"},{"taxonomy":"post_tag","embeddable":true,"href":"https:\/\/www.marzicake.cz\/index.php?rest_route=%2Fwp%2Fv2%2Ftags&post=4812"}],"curies":[{"name":"wp","href":"https:\/\/api.w.org\/{rel}","templated":true}]}}