{"id":4765,"date":"2018-12-11T09:18:25","date_gmt":"2018-12-11T08:18:25","guid":{"rendered":"http:\/\/www.marzicake.cz\/?p=4765"},"modified":"2019-10-15T22:12:19","modified_gmt":"2019-10-15T20:12:19","slug":"vanoce-na-vlne-hvezd","status":"publish","type":"post","link":"https:\/\/www.marzicake.cz\/?p=4765","title":{"rendered":"V\u00e1noce na vln\u011b hv\u011bzd"},"content":{"rendered":"<p>J\u00e1 osobn\u011b nepat\u0159\u00edm mezi ty, kte\u0159\u00ed v\u017edy sleduj\u00ed m\u00f3dn\u00ed v\u00e1no\u010dn\u00ed trendy.<\/p>\n<p>1.Strome\u010dek zdob\u00edm u\u017e n\u011bkolik let ve stejn\u00e9m stylu, tak, aby mi v\u0161e ladilo s&nbsp;barvou kuchyn\u011b a d\u0159eva. V\u00e9vod\u00ed tomu \u010derven\u00e1, zlat\u00e1 a dopl\u0148uje ji tmav\u011b hn\u011bd\u00e9 d\u0159evo a zelen\u00e9 jehli\u010d\u00ed. Ka\u017ed\u00fd rok pros\u00edm v\u0161echny, aby balili d\u00e1rky do t\u011bchto barev, p\u0159edev\u0161\u00edm do \u010derven\u00e9, ale mus\u00edm p\u0159iznat, \u017ee nem\u00e1m moc \u0161anci tohle zvl\u00e1dnout. Man\u017eel ka\u017edoro\u010dn\u011b kupuje balic\u00ed pap\u00edr, kter\u00fd \u0159\u00e1d\u00ed snad v\u0161emi barvami. Jenom \u010derven\u00e1 ho pr\u00fd nebav\u00ed. \u00dadajn\u011b chce m\u00edt pod stromkem veselo. Tak letos bude kone\u010dn\u011b in, proto\u017ee V\u00e1noce 2018 by se m\u011bly n\u00e9st v&nbsp;barv\u00e1ch duhy\u2026<\/p>\n<p>2.\u00daklid ten jako v\u017edy tak\u00e9 nezvl\u00e1d\u00e1m v&nbsp;p\u0159edstihu. Rady v \u010dasopisech od n\u011bjak\u00e9 psycholo\u017eky, jak se p\u0159ed sv\u00e1tky chovat, aby n\u00e1s to moc nestresovalo, u\u017e zn\u00e1m, ale v\u011bt\u0161inou na tyto chytr\u00e9 \u010dl\u00e1nky rad\u011bji zapom\u00edn\u00e1m. P\u0159ipad\u00e1 mi, \u017ee m\u011b je\u0161t\u011b v\u00edce stresuj\u00ed, ne\u017e kdyby tam napsali: \u201ePob\u00edhejte po byt\u011b, a\u0165 u\u017e je ten \u00faklid za n\u00e1mi.\u201c Nedok\u00e1\u017eu si toti\u017e p\u0159edstavit, nebo to asi neum\u00edm, sednout si do neuklizen\u00e9ho bytu a d\u011blat, \u017ee relaxuji.<\/p>\n<p>3.A pak je cukrov\u00ed. Trendy u\u017e m\u00e1m za sebou. V&nbsp;minulosti jsem si opisovala recepty z&nbsp;\u010dasopis\u016f, zkou\u0161ela nov\u00e9 druhy a pak to dopadlo v\u011bt\u0161inou tak, \u017ee si na t\u011bchto novink\u00e1ch pochutn\u00e1valy jen slepice. Doma ka\u017ed\u00fd nejv\u00edce ba\u0161til jen to tradi\u010dn\u00ed. Vanilkov\u00e9 rohl\u00ed\u010dky, lineck\u00e9 na v\u0161echny zp\u016fsoby a nepe\u010den\u00e9 cukrov\u00ed. To je n\u00e1\u0161 trend.<\/p>\n<p><a href=\"http:\/\/www.marzicake.cz\/wp-content\/uploads\/2018\/12\/\u010cokohv\u011b\u017edy-p\u0159ed-pe\u010den\u00edmlogo.jpg\"><img decoding=\"async\" loading=\"lazy\" class=\"size-medium wp-image-4753 alignleft\" src=\"http:\/\/www.marzicake.cz\/wp-content\/uploads\/2018\/12\/\u010cokohv\u011b\u017edy-p\u0159ed-pe\u010den\u00edmlogo-300x230.jpg\" alt=\"\u010cokohv\u011b\u017edy p\u0159ed pe\u010den\u00edm+logo\" width=\"300\" height=\"230\" srcset=\"https:\/\/www.marzicake.cz\/wp-content\/uploads\/2018\/12\/\u010cokohv\u011b\u017edy-p\u0159ed-pe\u010den\u00edmlogo-300x230.jpg 300w, https:\/\/www.marzicake.cz\/wp-content\/uploads\/2018\/12\/\u010cokohv\u011b\u017edy-p\u0159ed-pe\u010den\u00edmlogo-768x589.jpg 768w, https:\/\/www.marzicake.cz\/wp-content\/uploads\/2018\/12\/\u010cokohv\u011b\u017edy-p\u0159ed-pe\u010den\u00edmlogo-1024x785.jpg 1024w, https:\/\/www.marzicake.cz\/wp-content\/uploads\/2018\/12\/\u010cokohv\u011b\u017edy-p\u0159ed-pe\u010den\u00edmlogo-1080x828.jpg 1080w, https:\/\/www.marzicake.cz\/wp-content\/uploads\/2018\/12\/\u010cokohv\u011b\u017edy-p\u0159ed-pe\u010den\u00edmlogo-520x400.jpg 520w\" sizes=\"(max-width: 300px) 100vw, 300px\" \/><\/a>Letos jsem ale ud\u011blala v&nbsp;pe\u010den\u00ed zm\u011bnu. Nebudou v\u00e1no\u010dky dle m\u00e9ho osv\u011bd\u010den\u00e9ho receptu, ale letos m\u00e1m recept, kter\u00fd jsem na\u0161la v&nbsp;se\u0161itu m\u00e9 babi\u010dky snad je\u0161t\u011b po m\u00e9 praprababi\u010dce. Ned\u00e1vno jsem se se zcela podobn\u00fdm setkala p\u0159i v\u00e1no\u010dn\u00edm pe\u010den\u00ed v Makru. Ano, to co znaly u\u017e na\u0161e praprababi\u010dky, to je leto\u0161n\u00ed trend. Tak uvid\u00edme, jak se osv\u011bd\u010d\u00ed. A dal\u0161\u00ed velkou p\u0159edv\u00e1no\u010dn\u00ed zm\u011bnou nejsou \u0161tr\u016fdly, ale u\u017e n\u011bkolikr\u00e1t jsem pekla v\u00e1no\u010dn\u00ed hv\u011bzdu, nebo v\u00e1no\u010dn\u00ed kv\u011btinu. Je jedno jak t\u00e9to sladkosti budete \u0159\u00edkat. Hlavn\u011b si ji upe\u010dte. Je trendem v\u0161ech zahrani\u010dn\u00edch cukr\u00e1\u0159\u016f a blog\u016f po cel\u00e9m sv\u011bt\u011b. Ani nev\u00edm, kdo s&nbsp;t\u00edmto n\u00e1padem p\u0159i\u0161el, ale tahle sladkost je hitem V\u00e1noc 2018. Spr\u00e1vn\u011b by se m\u011bla d\u011blat z&nbsp;kynut\u00e9ho t\u011bsta, jen\u017ee j\u00e1 tak moc miluji to listov\u00e9, \u017ee jsem ji u\u017e t\u0159ikr\u00e1t pekla pr\u00e1v\u011b z&nbsp;listov\u00e9ho. A pak u\u017e sta\u010d\u00ed jen rozeh\u0159\u00e1t \u010dokol\u00e1du a zapl\u00e9tat do tvaru v\u00e1no\u010dn\u00ed hv\u011bzdy nebo kv\u011btu. Jednoduch\u00fd postup najdete <a href=\"http:\/\/www.marzicake.cz\/?page_id=2501\">zde<\/a>. A kdy\u017e si budete pochutn\u00e1vat na takov\u00e9 sv\u011btov\u00e9 sladkosti, bude v\u00e1m vlastn\u011b jedno jak\u00fd ten balic\u00ed pap\u00edr vlastn\u011b je\u2026 \ud83d\ude42<\/p>\n<p>&nbsp;<\/p>\n","protected":false},"excerpt":{"rendered":"<p>J\u00e1 osobn\u011b nepat\u0159\u00edm mezi ty, kte\u0159\u00ed v\u017edy sleduj\u00ed m\u00f3dn\u00ed v\u00e1no\u010dn\u00ed trendy. 1.Strome\u010dek zdob\u00edm u\u017e n\u011bkolik let ve stejn\u00e9m stylu, tak, aby mi v\u0161e ladilo s&nbsp;barvou kuchyn\u011b a d\u0159eva. V\u00e9vod\u00ed tomu \u010derven\u00e1, zlat\u00e1 a dopl\u0148uje ji tmav\u011b hn\u011bd\u00e9 d\u0159evo a zelen\u00e9 jehli\u010d\u00ed. Ka\u017ed\u00fd rok pros\u00edm v\u0161echny, aby balili d\u00e1rky do t\u011bchto barev, p\u0159edev\u0161\u00edm do \u010derven\u00e9, ale&#8230;<\/p>\n<p><a class=\"more-link\" href=\"https:\/\/www.marzicake.cz\/?p=4765\">\u010cti d\u00e1l<\/a><\/p>\n","protected":false},"author":1,"featured_media":224251,"comment_status":"open","ping_status":"open","sticky":false,"template":"","format":"standard","meta":{"wprm-recipe-roundup-name":"","wprm-recipe-roundup-description":"","_mi_skip_tracking":false,"_genesis_hide_title":false,"_genesis_hide_breadcrumbs":false,"_genesis_hide_singular_image":false,"_genesis_custom_body_class":"","_genesis_custom_post_class":"","_genesis_layout":""},"categories":[400],"tags":[],"_links":{"self":[{"href":"https:\/\/www.marzicake.cz\/index.php?rest_route=\/wp\/v2\/posts\/4765"}],"collection":[{"href":"https:\/\/www.marzicake.cz\/index.php?rest_route=\/wp\/v2\/posts"}],"about":[{"href":"https:\/\/www.marzicake.cz\/index.php?rest_route=\/wp\/v2\/types\/post"}],"author":[{"embeddable":true,"href":"https:\/\/www.marzicake.cz\/index.php?rest_route=\/wp\/v2\/users\/1"}],"replies":[{"embeddable":true,"href":"https:\/\/www.marzicake.cz\/index.php?rest_route=%2Fwp%2Fv2%2Fcomments&post=4765"}],"version-history":[{"count":6,"href":"https:\/\/www.marzicake.cz\/index.php?rest_route=\/wp\/v2\/posts\/4765\/revisions"}],"predecessor-version":[{"id":224409,"href":"https:\/\/www.marzicake.cz\/index.php?rest_route=\/wp\/v2\/posts\/4765\/revisions\/224409"}],"wp:featuredmedia":[{"embeddable":true,"href":"https:\/\/www.marzicake.cz\/index.php?rest_route=\/wp\/v2\/media\/224251"}],"wp:attachment":[{"href":"https:\/\/www.marzicake.cz\/index.php?rest_route=%2Fwp%2Fv2%2Fmedia&parent=4765"}],"wp:term":[{"taxonomy":"category","embeddable":true,"href":"https:\/\/www.marzicake.cz\/index.php?rest_route=%2Fwp%2Fv2%2Fcategories&post=4765"},{"taxonomy":"post_tag","embeddable":true,"href":"https:\/\/www.marzicake.cz\/index.php?rest_route=%2Fwp%2Fv2%2Ftags&post=4765"}],"curies":[{"name":"wp","href":"https:\/\/api.w.org\/{rel}","templated":true}]}}