{"id":4555,"date":"2018-10-14T19:26:15","date_gmt":"2018-10-14T17:26:15","guid":{"rendered":"http:\/\/www.marzicake.cz\/?p=4555"},"modified":"2019-10-15T22:09:49","modified_gmt":"2019-10-15T20:09:49","slug":"podzimni-darky","status":"publish","type":"post","link":"https:\/\/www.marzicake.cz\/?p=4555","title":{"rendered":"Podzimn\u00ed d\u00e1rky"},"content":{"rendered":"<p><a href=\"http:\/\/www.marzicake.cz\/wp-content\/uploads\/2018\/10\/\u010doko-dort\u00edky-podzim.jpg\"><img decoding=\"async\" loading=\"lazy\" class=\"size-medium wp-image-4552 alignleft\" src=\"http:\/\/www.marzicake.cz\/wp-content\/uploads\/2018\/10\/\u010doko-dort\u00edky-podzim-300x210.jpg\" alt=\"\u010doko dort\u00edky - podzim\" width=\"300\" height=\"210\" srcset=\"https:\/\/www.marzicake.cz\/wp-content\/uploads\/2018\/10\/\u010doko-dort\u00edky-podzim-300x210.jpg 300w, https:\/\/www.marzicake.cz\/wp-content\/uploads\/2018\/10\/\u010doko-dort\u00edky-podzim-768x539.jpg 768w, https:\/\/www.marzicake.cz\/wp-content\/uploads\/2018\/10\/\u010doko-dort\u00edky-podzim-1024x718.jpg 1024w, https:\/\/www.marzicake.cz\/wp-content\/uploads\/2018\/10\/\u010doko-dort\u00edky-podzim-1080x757.jpg 1080w\" sizes=\"(max-width: 300px) 100vw, 300px\" \/><\/a>&nbsp;Tento podzimn\u00ed p\u0159\u00edsp\u011bvek bych cht\u011bla v\u011bnovat m\u00e9 dlouholet\u00e9 kamar\u00e1dce Jan\u011b. Zrovna jsem tvo\u0159ila \u010dokol\u00e1dov\u00e9 je\u017eky dce\u0159i m\u00e9 kolegyn\u011b z kancel\u00e1\u0159e k narozenin\u00e1m a p\u0159i\u0161la mi zpr\u00e1va od m\u00e9 kamar\u00e1dky. N\u011bco jako, \u017ee m\u00e1 nov\u011b Instagram a \u017ee m\u011b za\u010dala sledovat. Vy, kte\u0159\u00ed jste v m\u00e9m v\u011bku, v\u00edte jak to mysl\u00edm&#8230; Musela jsem se sm\u00e1t a m\u011bla jsem vlastn\u011b radost. Ta mi vydr\u017eela ale jen chvilku. Po informaci, \u017ee je v nemocnici, jsem v\u011bd\u011bla, \u017ee mus\u00edm je\u017eky opustit. Jen\u017ee to bych nebyla j\u00e1, abych n\u011bkam jela z pr\u00e1zdnou&#8230; A tak vznikl n\u00e1pad na mini dort\u00edky s \u010dokol\u00e1dou, kakaem a marcip\u00e1nov\u00fdmi dekoracemi v podob\u011b podzimu. L\u00edtala jsem po kuchyni jak bl\u00e1zen, abych byla v nemocnici hned po ob\u011bd\u011b. Up\u00e9ct, nafotit, sundat z\u00e1st\u011bru, sprcha a jedem. N\u011bkdy prost\u011b sta\u010d\u00ed opravdu m\u00e1lo.&nbsp;Rychl\u00e1 rozhodnut\u00ed a zm\u011bna programu sv\u00e9ho voln\u00e9ho \u010dasu a m\u016f\u017eete&nbsp;pot\u011b\u0161it. Tak snad jsem alespo\u0148 malinko p\u0159isp\u011bla k p\u0159\u00edjemn\u011bj\u0161\u00edmu uzdravov\u00e1n\u00ed.<\/p>\n<p>\u010casto d\u011bl\u00e1n\u00ed radosti druh\u00fdm, ud\u011bl\u00e1 radost nakonec i v\u00e1m samotn\u00fdm. Je to v\u017edy p\u0159edev\u0161\u00edm o pocitu. A pr\u00e1v\u011b tento p\u0159\u00edsp\u011bvek je tak trochu p\u0159edvojem p\u0159ekvapen\u00ed, kter\u00e9 se chyst\u00e1 na Marzicake. Proto sledujte blog a Instagram, stejn\u011b jako sleduje Marzicake m\u00e1 kamar\u00e1dka Jana&#8230; \ud83d\ude42<\/p>\n<p><a href=\"http:\/\/www.marzicake.cz\/wp-content\/uploads\/2018\/10\/\u010doko-dort\u00edk.jpg\"><img decoding=\"async\" loading=\"lazy\" class=\"alignnone  wp-image-4551\" src=\"http:\/\/www.marzicake.cz\/wp-content\/uploads\/2018\/10\/\u010doko-dort\u00edk-300x211.jpg\" alt=\"\u010doko dort\u00edk\" width=\"283\" height=\"199\" srcset=\"https:\/\/www.marzicake.cz\/wp-content\/uploads\/2018\/10\/\u010doko-dort\u00edk-300x211.jpg 300w, https:\/\/www.marzicake.cz\/wp-content\/uploads\/2018\/10\/\u010doko-dort\u00edk-768x539.jpg 768w, https:\/\/www.marzicake.cz\/wp-content\/uploads\/2018\/10\/\u010doko-dort\u00edk-1024x719.jpg 1024w, https:\/\/www.marzicake.cz\/wp-content\/uploads\/2018\/10\/\u010doko-dort\u00edk-1080x758.jpg 1080w\" sizes=\"(max-width: 283px) 100vw, 283px\" \/><\/a>&nbsp;<a href=\"http:\/\/www.marzicake.cz\/wp-content\/uploads\/2018\/10\/\u010doko-dort\u00edk-podzim.jpg\"><img decoding=\"async\" loading=\"lazy\" class=\"alignnone size-medium wp-image-4550\" src=\"http:\/\/www.marzicake.cz\/wp-content\/uploads\/2018\/10\/\u010doko-dort\u00edk-podzim-300x199.jpg\" alt=\"\u010doko dort\u00edk - podzim\" width=\"300\" height=\"199\" srcset=\"https:\/\/www.marzicake.cz\/wp-content\/uploads\/2018\/10\/\u010doko-dort\u00edk-podzim-300x199.jpg 300w, https:\/\/www.marzicake.cz\/wp-content\/uploads\/2018\/10\/\u010doko-dort\u00edk-podzim-768x509.jpg 768w, https:\/\/www.marzicake.cz\/wp-content\/uploads\/2018\/10\/\u010doko-dort\u00edk-podzim-1024x678.jpg 1024w, https:\/\/www.marzicake.cz\/wp-content\/uploads\/2018\/10\/\u010doko-dort\u00edk-podzim-1080x715.jpg 1080w\" sizes=\"(max-width: 300px) 100vw, 300px\" \/><\/a><\/p>\n<p><a href=\"http:\/\/www.marzicake.cz\/wp-content\/uploads\/2018\/10\/Je\u017ee\u010dcilogo.jpg\"><img decoding=\"async\" loading=\"lazy\" class=\"alignnone size-medium wp-image-4554\" src=\"http:\/\/www.marzicake.cz\/wp-content\/uploads\/2018\/10\/Je\u017ee\u010dcilogo-248x300.jpg\" alt=\"Je\u017ee\u010dci+logo\" width=\"248\" height=\"300\" srcset=\"https:\/\/www.marzicake.cz\/wp-content\/uploads\/2018\/10\/Je\u017ee\u010dcilogo-248x300.jpg 248w, https:\/\/www.marzicake.cz\/wp-content\/uploads\/2018\/10\/Je\u017ee\u010dcilogo-768x929.jpg 768w, https:\/\/www.marzicake.cz\/wp-content\/uploads\/2018\/10\/Je\u017ee\u010dcilogo-846x1024.jpg 846w, https:\/\/www.marzicake.cz\/wp-content\/uploads\/2018\/10\/Je\u017ee\u010dcilogo-1080x1307.jpg 1080w\" sizes=\"(max-width: 248px) 100vw, 248px\" \/><\/a><\/p>\n","protected":false},"excerpt":{"rendered":"<p>&nbsp;Tento podzimn\u00ed p\u0159\u00edsp\u011bvek bych cht\u011bla v\u011bnovat m\u00e9 dlouholet\u00e9 kamar\u00e1dce Jan\u011b. Zrovna jsem tvo\u0159ila \u010dokol\u00e1dov\u00e9 je\u017eky dce\u0159i m\u00e9 kolegyn\u011b z kancel\u00e1\u0159e k narozenin\u00e1m a p\u0159i\u0161la mi zpr\u00e1va od m\u00e9 kamar\u00e1dky. N\u011bco jako, \u017ee m\u00e1 nov\u011b Instagram a \u017ee m\u011b za\u010dala sledovat. Vy, kte\u0159\u00ed jste v m\u00e9m v\u011bku, v\u00edte jak to mysl\u00edm&#8230; Musela jsem se sm\u00e1t a&#8230;<\/p>\n<p><a class=\"more-link\" href=\"https:\/\/www.marzicake.cz\/?p=4555\">\u010cti d\u00e1l<\/a><\/p>\n","protected":false},"author":1,"featured_media":224397,"comment_status":"open","ping_status":"open","sticky":false,"template":"","format":"standard","meta":{"wprm-recipe-roundup-name":"","wprm-recipe-roundup-description":"","_mi_skip_tracking":false,"_genesis_hide_title":false,"_genesis_hide_breadcrumbs":false,"_genesis_hide_singular_image":false,"_genesis_custom_body_class":"","_genesis_custom_post_class":"","_genesis_layout":""},"categories":[400],"tags":[],"_links":{"self":[{"href":"https:\/\/www.marzicake.cz\/index.php?rest_route=\/wp\/v2\/posts\/4555"}],"collection":[{"href":"https:\/\/www.marzicake.cz\/index.php?rest_route=\/wp\/v2\/posts"}],"about":[{"href":"https:\/\/www.marzicake.cz\/index.php?rest_route=\/wp\/v2\/types\/post"}],"author":[{"embeddable":true,"href":"https:\/\/www.marzicake.cz\/index.php?rest_route=\/wp\/v2\/users\/1"}],"replies":[{"embeddable":true,"href":"https:\/\/www.marzicake.cz\/index.php?rest_route=%2Fwp%2Fv2%2Fcomments&post=4555"}],"version-history":[{"count":2,"href":"https:\/\/www.marzicake.cz\/index.php?rest_route=\/wp\/v2\/posts\/4555\/revisions"}],"predecessor-version":[{"id":224401,"href":"https:\/\/www.marzicake.cz\/index.php?rest_route=\/wp\/v2\/posts\/4555\/revisions\/224401"}],"wp:featuredmedia":[{"embeddable":true,"href":"https:\/\/www.marzicake.cz\/index.php?rest_route=\/wp\/v2\/media\/224397"}],"wp:attachment":[{"href":"https:\/\/www.marzicake.cz\/index.php?rest_route=%2Fwp%2Fv2%2Fmedia&parent=4555"}],"wp:term":[{"taxonomy":"category","embeddable":true,"href":"https:\/\/www.marzicake.cz\/index.php?rest_route=%2Fwp%2Fv2%2Fcategories&post=4555"},{"taxonomy":"post_tag","embeddable":true,"href":"https:\/\/www.marzicake.cz\/index.php?rest_route=%2Fwp%2Fv2%2Ftags&post=4555"}],"curies":[{"name":"wp","href":"https:\/\/api.w.org\/{rel}","templated":true}]}}