{"id":4381,"date":"2018-08-05T20:00:55","date_gmt":"2018-08-05T18:00:55","guid":{"rendered":"http:\/\/www.marzicake.cz\/?p=4381"},"modified":"2019-10-15T22:07:36","modified_gmt":"2019-10-15T20:07:36","slug":"letni-oslavy","status":"publish","type":"post","link":"https:\/\/www.marzicake.cz\/?p=4381","title":{"rendered":"Letn\u00ed oslavy"},"content":{"rendered":"<p>Leto\u0161n\u00ed l\u00e9to je na m\u011b nejen velmi hork\u00e9, ale tak\u00e9 pom\u011brn\u011b n\u00e1ro\u010dn\u00e9 na oslavy. Co se t\u00fdk\u00e1 jen na\u0161\u00ed rodiny, za\u010d\u00edn\u00e1me v dubnu a kon\u010d\u00edme koncem srpna. Dokud jsou teploty do 24\u00b0C, tak nem\u00e1m s pe\u010den\u00edm probl\u00e9m. V okam\u017eiku, kdy za\u010dnou teploty vzduchu stoupat, b\u00fdv\u00e1 to&nbsp;\u010dasto a\u017e \u00famorn\u00e9. Ale to zn\u00e1 asi ka\u017ed\u00fd peka\u0159, cukr\u00e1\u0159 a kucha\u0159. Mus\u00edm up\u0159\u00edmn\u011b napsat, \u017ee v\u0161echny lidi t\u011bchto obor\u016f velmi obdivuji.<\/p>\n<p>P\u0159esto, \u017ee j\u00e1&nbsp;se cukra\u0159inou tak trochu jen bav\u00edm,&nbsp;pe\u010du-li v letn\u00edch vysok\u00fdch teplot\u00e1ch, za\u010d\u00edn\u00e1m podobn\u011b jako v\u011bt\u0161ina cukr\u00e1\u0159\u016f, velmi brzy r\u00e1no. A tak to bylo i tentokr\u00e1t. Neum\u00edm si p\u0159edstavit, \u017ee bych kv\u016fli horku vysadila. Man\u017eel letos slavil 55 a m\u011b \u010dekala zas n\u011bjak\u00e1 sladk\u00e1 vtipnost. Naposledy jsem mu vytvo\u0159ila dort s marcip\u00e1novou sekyrou. To, aby ho u\u017e nemuseli do t\u0159etice se\u0161\u00edvat v nemocnici po sek\u00e1n\u00ed d\u0159\u00edv\u00ed. Letos mi pomohla m\u00e1 kamar\u00e1dka Jitka Krajdlov\u00e1, pro kterou jedl\u00fd tisk na dorty nem\u00e1 hranic&#8230; U n\u00ed jsem si nechala na jedlou hmotu vytisknout n\u011bkter\u00e9 hl\u00e1\u0161ky, kter\u00e9 man\u017eel dost \u010dasto pou\u017e\u00edv\u00e1. Kamar\u00e1dka nejprve nech\u00e1pala, ale po m\u00e9m telefon\u00e1tu se jen sm\u00e1la. Te\u010f u\u017e nen\u00ed pochyb, co si o na\u0161\u00ed rodin\u011b mysl\u00ed. Ur\u010dit\u011b, \u017ee jsme pra\u0161t\u011bn\u00fd.<\/p>\n<p>A proto\u017ee man\u017eel miluje pa\u0159\u00ed\u017esk\u00fd dort, zkombinovala jsem v\u0161e dohromady. Recept na dort naleznete <a href=\"http:\/\/www.marzicake.cz\/?page_id=2095\">zde<\/a>.&nbsp;Ten jsem pak doplnila o trochu jinou chu\u0165 a to o ostru\u017einy a kolem p\u0159ipevnila lahvi\u010dky z pern\u00edku a marcip\u00e1nu. Ka\u017ed\u00e1 m\u011bla etiketu s &#8220;hl\u00e1\u0161kou&#8221;. V\u0161echny nejsou na fotografii vid\u011bt, ale v\u011b\u0159te, \u017ee po p\u0159e\u010dten\u00ed ka\u017ed\u00e9 z nich, se nejen man\u017eel hodn\u011b bavil. A pak u\u017e to nez\u016fstalo jen u lahvi\u010dek z pern\u00edku, ale p\u0159i\u0161el \u010das na ty prav\u00e9. \ud83d\ude42<\/p>\n","protected":false},"excerpt":{"rendered":"<p>Leto\u0161n\u00ed l\u00e9to je na m\u011b nejen velmi hork\u00e9, ale tak\u00e9 pom\u011brn\u011b n\u00e1ro\u010dn\u00e9 na oslavy. Co se t\u00fdk\u00e1 jen na\u0161\u00ed rodiny, za\u010d\u00edn\u00e1me v dubnu a kon\u010d\u00edme koncem srpna. Dokud jsou teploty do 24\u00b0C, tak nem\u00e1m s pe\u010den\u00edm probl\u00e9m. V okam\u017eiku, kdy za\u010dnou teploty vzduchu stoupat, b\u00fdv\u00e1 to&nbsp;\u010dasto a\u017e \u00famorn\u00e9. Ale to zn\u00e1 asi ka\u017ed\u00fd peka\u0159, cukr\u00e1\u0159&#8230;<\/p>\n<p><a class=\"more-link\" href=\"https:\/\/www.marzicake.cz\/?p=4381\">\u010cti d\u00e1l<\/a><\/p>\n","protected":false},"author":1,"featured_media":224384,"comment_status":"open","ping_status":"open","sticky":false,"template":"","format":"standard","meta":{"wprm-recipe-roundup-name":"","wprm-recipe-roundup-description":"","_mi_skip_tracking":false,"_genesis_hide_title":false,"_genesis_hide_breadcrumbs":false,"_genesis_hide_singular_image":false,"_genesis_custom_body_class":"","_genesis_custom_post_class":"","_genesis_layout":""},"categories":[400],"tags":[],"_links":{"self":[{"href":"https:\/\/www.marzicake.cz\/index.php?rest_route=\/wp\/v2\/posts\/4381"}],"collection":[{"href":"https:\/\/www.marzicake.cz\/index.php?rest_route=\/wp\/v2\/posts"}],"about":[{"href":"https:\/\/www.marzicake.cz\/index.php?rest_route=\/wp\/v2\/types\/post"}],"author":[{"embeddable":true,"href":"https:\/\/www.marzicake.cz\/index.php?rest_route=\/wp\/v2\/users\/1"}],"replies":[{"embeddable":true,"href":"https:\/\/www.marzicake.cz\/index.php?rest_route=%2Fwp%2Fv2%2Fcomments&post=4381"}],"version-history":[{"count":5,"href":"https:\/\/www.marzicake.cz\/index.php?rest_route=\/wp\/v2\/posts\/4381\/revisions"}],"predecessor-version":[{"id":224387,"href":"https:\/\/www.marzicake.cz\/index.php?rest_route=\/wp\/v2\/posts\/4381\/revisions\/224387"}],"wp:featuredmedia":[{"embeddable":true,"href":"https:\/\/www.marzicake.cz\/index.php?rest_route=\/wp\/v2\/media\/224384"}],"wp:attachment":[{"href":"https:\/\/www.marzicake.cz\/index.php?rest_route=%2Fwp%2Fv2%2Fmedia&parent=4381"}],"wp:term":[{"taxonomy":"category","embeddable":true,"href":"https:\/\/www.marzicake.cz\/index.php?rest_route=%2Fwp%2Fv2%2Fcategories&post=4381"},{"taxonomy":"post_tag","embeddable":true,"href":"https:\/\/www.marzicake.cz\/index.php?rest_route=%2Fwp%2Fv2%2Ftags&post=4381"}],"curies":[{"name":"wp","href":"https:\/\/api.w.org\/{rel}","templated":true}]}}