{"id":4258,"date":"2018-05-19T21:14:10","date_gmt":"2018-05-19T19:14:10","guid":{"rendered":"http:\/\/www.marzicake.cz\/?p=4258"},"modified":"2019-10-10T22:06:19","modified_gmt":"2019-10-10T20:06:19","slug":"svatebni-sezona-2018","status":"publish","type":"post","link":"https:\/\/www.marzicake.cz\/?p=4258","title":{"rendered":"Svatebn\u00ed sez\u00f3na 2018"},"content":{"rendered":"<p><a href=\"http:\/\/www.marzicake.cz\/wp-content\/uploads\/2018\/07\/IMG_268.jpg\"><img decoding=\"async\" loading=\"lazy\" class=\"size-medium wp-image-4348 alignleft\" src=\"http:\/\/www.marzicake.cz\/wp-content\/uploads\/2018\/07\/IMG_268-300x200.jpg\" alt=\"IMG_268\" width=\"300\" height=\"200\" srcset=\"https:\/\/www.marzicake.cz\/wp-content\/uploads\/2018\/07\/IMG_268-300x200.jpg 300w, https:\/\/www.marzicake.cz\/wp-content\/uploads\/2018\/07\/IMG_268-768x512.jpg 768w, https:\/\/www.marzicake.cz\/wp-content\/uploads\/2018\/07\/IMG_268-1024x683.jpg 1024w, https:\/\/www.marzicake.cz\/wp-content\/uploads\/2018\/07\/IMG_268.jpg 1077w\" sizes=\"(max-width: 300px) 100vw, 300px\" \/><\/a>T\u0159\u00edpatrov\u00fd dort jsem zat\u00edm v\u00a0m\u00e9di\u00edch nezahl\u00e9dla. \u00dadajn\u011b maj\u00ed t\u0159i patra p\u0159i kr\u00e1lovsk\u00e9 svatb\u011b svou tradici a v\u00fdznam. Proto douf\u00e1m, \u017ee snad budeme m\u00edt p\u0159\u00edle\u017eitost svatebn\u00ed dort vid\u011bt. Co se t\u00fdk\u00e1 zve\u0159ejn\u011bn\u00fdch fotografi\u00ed svatebn\u00edch dort\u016f um\u00edst\u011bn\u00fdch na zlat\u00fdch podnosech, m\u00e1m p\u00e1r pozn\u00e1mek.<\/p>\n<p>Styl byl jemn\u00fd a nijak mi nevadil. Le\u017e\u00e9rnost kr\u00e9mu, kter\u00fdm byl dort pot\u0159en, byla netradi\u010dn\u00ed. A proto jsem hned najela na str\u00e1nky pek\u00e1rny \u2013 kav\u00e1rny spolu-provozovatelky Claire Ptak <a href=\"http:\/\/www.violetcakes.com\/\">http:\/\/www.violetcakes.com\/<\/a>\u00a0, kter\u00e1 se zde p\u0159edstavuje jako potravin\u00e1\u0159sk\u00e1 spisovatelka, stylistka a v\u00fdvoj\u00e1\u0159 recept\u016f. P\u0159ekvapilo m\u011b, \u017ee jsem m\u00edsto fotografi\u00ed dort\u016f nalezla fotky avok\u00e1da, su\u0161en\u00fdch raj\u010dat, pe\u010den\u00e9 ku\u0159e, t\u011bstoviny, kol\u00e1\u010de a jin\u00e9. Proto jsem ji vyhledala i na Instagramu. Tam u\u017e jsem n\u011bco m\u00e1lo na\u0161la, ale tak\u00e9 bych to nenazvala prezentac\u00ed cukr\u00e1\u0159ky. N\u011bkter\u00e9 sladkosti bych dle fotky m\u011b tedy moc nel\u00e1kaly. Bylo zde p\u00e1r podobn\u011b pot\u0159en\u00fdch dort\u00edk\u016f ozdoben\u00fdch \u017eiv\u00fdmi kv\u011bty. Nic v\u00edc.<\/p>\n<p><a href=\"http:\/\/www.marzicake.cz\/wp-content\/uploads\/2018\/07\/Od-fotografa-logo.jpg\"><img decoding=\"async\" loading=\"lazy\" class=\"size-medium wp-image-4347 alignleft\" src=\"http:\/\/www.marzicake.cz\/wp-content\/uploads\/2018\/07\/Od-fotografa-logo-300x203.jpg\" alt=\"Od fotografa - logo\" width=\"300\" height=\"203\" srcset=\"https:\/\/www.marzicake.cz\/wp-content\/uploads\/2018\/07\/Od-fotografa-logo-300x203.jpg 300w, https:\/\/www.marzicake.cz\/wp-content\/uploads\/2018\/07\/Od-fotografa-logo-768x521.jpg 768w, https:\/\/www.marzicake.cz\/wp-content\/uploads\/2018\/07\/Od-fotografa-logo-1024x694.jpg 1024w, https:\/\/www.marzicake.cz\/wp-content\/uploads\/2018\/07\/Od-fotografa-logo.jpg 1059w\" sizes=\"(max-width: 300px) 100vw, 300px\" \/><\/a>M\u00e1me velkou zahradu a p\u00e9\u010de o n\u00ed bez post\u0159ik\u016f opravdu n\u011bkdy nejde. \u010casto kv\u011btiny p\u0159inesu dom\u016f do v\u00e1zy, ale sama v\u00edm, \u017ee po \u0159ezu za\u010dne v\u011bt\u0161ina kv\u011btin vytv\u00e1\u0159et tekutinu, kterou bych tedy v j\u00eddle m\u00edt necht\u011bla. Ale je to jen m\u016fj n\u00e1zor. Dokonce n\u011bkter\u00e9 kv\u011btiny jsou pova\u017eov\u00e1ny za jedovat\u00e9. Sem bych za\u0159adila pr\u00e1v\u011b i pivo\u0148ku a n\u011bkter\u00e9 druhy r\u016f\u017e\u00ed. Nev\u00edm, zda ka\u017ed\u00fd stonek zap\u00edchnut\u00fd do dortu byl z\u00a0d\u016fvodu hygieny n\u011b\u010d\u00edm obmot\u00e1n. Ale v\u0161e, co je rychl\u00e9 a efektn\u00ed, nemus\u00ed b\u00fdt pro\u00a0n\u00e1s pln\u00e9 alergick\u00fdch reakc\u00ed vhodn\u00e9. Jsem r\u00e1da, \u017ee na\u0161e hygienick\u00e9 normy toto nepovoluj\u00ed.<\/p>\n<p>Nikdo z n\u00e1s v\u0161ak nem\u016f\u017ee bez ochutn\u00e1n\u00ed dorty hodnotit a tak se m\u016f\u017eeme zam\u011b\u0159ovat jen na design.\u00a0\u010c\u00e1stka 1,5 milionu za dorty (kdyby se nejednalo jen o ten t\u0159\u00ed patrov\u00fd) pro 600 osob je dle m\u00e9ho opravdu p\u0159emr\u0161t\u011bn\u00e1 a vych\u00e1z\u00ed to 2500,- K\u010d na osobu. N\u00f3, cukr\u00e1\u0159ky, to je opravdov\u00e1 v\u00fdzva\u2026 Ne, je to jen skute\u010dn\u00e1 poh\u00e1dka nejen o princi a here\u010dce, ale tak\u00e9 o cukr\u00e1\u0159ce\u2026 N\u011bco se j\u00ed v\u0161ak mus\u00ed pochv\u00e1lit. P\u0159\u00edchu\u0165 bezu, citronu a m\u00e1sla te\u010f bude ur\u010dit\u011b zkou\u0161et\u00a0hodn\u011b prof\u00edk\u016f i amat\u00e9r\u016f\u00a0po cel\u00e9m sv\u011bt\u011b. Mnoho z\u00a0nich se i cukr\u00e1\u0159kami stanou, proto\u017ee takto pot\u0159\u00edt dort kr\u00e9mem zvl\u00e1dnou. A tak p\u0159ejme jim v\u0161em \u0161t\u011bst\u00ed a \u00fasp\u011bch, proto\u017ee pak p\u0159ijde \u0161t\u011bst\u00ed i k\u00a0v\u00e1m \u2013 k\u00a0n\u00e1m. \ud83d\ude42 P\u0159em\u00fd\u0161l\u00edm, \u017ee si jen tak pro sebe takov\u00fd dort zkus\u00edm. Sice bez \u017eiv\u00fdch kv\u011bt\u016f, ale ta chu\u0165 m\u011b l\u00e1k\u00e1. \ud83d\ude42<\/p>\n<p>A pak, \u017ee se v kv\u011btnu svatby nepo\u0159\u00e1daj\u00ed. V\u017edy\u0165 kv\u011bten je m\u011bs\u00edc l\u00e1sky, tak nen\u00ed d\u016fvod pod\u00e1vat se pov\u011br\u00e1m. Obava z t\u011b\u017ek\u00e9 pr\u00e1ce v kombinaci s hladem a vys\u00edlen\u00edm je pro sou\u010dasn\u00e9 modern\u00ed budouc\u00ed maminky zbyte\u010dn\u00e1. P\u0159esto, \u017ee pov\u011bry poch\u00e1z\u00ed z 18.stolet\u00ed, u n\u00e1s v \u010cech\u00e1ch nen\u00ed a\u017e tolik state\u010dn\u00fdch\u00a0a tak jsou kv\u011btnov\u00e9 svatby po\u0159\u00e1dan\u00e9 v mal\u00e9m mno\u017estv\u00ed. Svatebn\u00ed sez\u00f3na nejv\u00edce vrchol\u00ed od \u010dervna do z\u00e1\u0159\u00ed. I tak\u00a0se najde p\u00e1r odv\u00e1\u017elivc\u016f, kte\u0159\u00ed na pov\u011bry nedaj\u00ed. A proto\u00a0i j\u00e1 jsem mohla ud\u011blat radost jedn\u00e9 dvojici novoman\u017eel\u016f, kte\u0159\u00ed vsadili na kv\u011bten.<\/p>\n<p>N\u00e1dhern\u00fd proslun\u011bn\u00fd den, bez hmyzu a stresu z velk\u00fdch teplot. P\u0159\u00edjemn\u00fd vzduch po de\u0161ti. Jarn\u00ed svatba v zahrad\u011b z\u00e1mku, kde v\u0161e kvetlo\u00a0cht\u011bla n\u011bco zcela jin\u00e9ho, ne\u017e jsem d\u0159\u00edve p\u0159ipravovala. Dnes tedy bez potahov\u00e9 hmoty. Jen kr\u00e9m, \u010dokol\u00e1da a cukrov\u00e9 kv\u011btiny. Snad jste pro\u017eili i vy 19.kv\u011bten 2018 stejn\u011b \u00fa\u017easn\u011b, jako v\u0161ichni dne\u0161n\u00ed novoman\u017eel\u00e9. \ud83d\ude42<\/p>\n<p><em>Foto Jarom\u00edr Zub\u00e1k<\/em><\/p>\n","protected":false},"excerpt":{"rendered":"<p>T\u0159\u00edpatrov\u00fd dort jsem zat\u00edm v\u00a0m\u00e9di\u00edch nezahl\u00e9dla. \u00dadajn\u011b maj\u00ed t\u0159i patra p\u0159i kr\u00e1lovsk\u00e9 svatb\u011b svou tradici a v\u00fdznam. Proto douf\u00e1m, \u017ee snad budeme m\u00edt p\u0159\u00edle\u017eitost svatebn\u00ed dort vid\u011bt. Co se t\u00fdk\u00e1 zve\u0159ejn\u011bn\u00fdch fotografi\u00ed svatebn\u00edch dort\u016f um\u00edst\u011bn\u00fdch na zlat\u00fdch podnosech, m\u00e1m p\u00e1r pozn\u00e1mek. Styl byl jemn\u00fd a nijak mi nevadil. Le\u017e\u00e9rnost kr\u00e9mu, kter\u00fdm byl dort pot\u0159en, byla&#8230;<\/p>\n<p><a class=\"more-link\" href=\"https:\/\/www.marzicake.cz\/?p=4258\">\u010cti d\u00e1l<\/a><\/p>\n","protected":false},"author":1,"featured_media":0,"comment_status":"open","ping_status":"open","sticky":false,"template":"","format":"standard","meta":{"wprm-recipe-roundup-name":"","wprm-recipe-roundup-description":"","_mi_skip_tracking":false,"_genesis_hide_title":false,"_genesis_hide_breadcrumbs":false,"_genesis_hide_singular_image":false,"_genesis_custom_body_class":"","_genesis_custom_post_class":"","_genesis_layout":""},"categories":[400],"tags":[],"_links":{"self":[{"href":"https:\/\/www.marzicake.cz\/index.php?rest_route=\/wp\/v2\/posts\/4258"}],"collection":[{"href":"https:\/\/www.marzicake.cz\/index.php?rest_route=\/wp\/v2\/posts"}],"about":[{"href":"https:\/\/www.marzicake.cz\/index.php?rest_route=\/wp\/v2\/types\/post"}],"author":[{"embeddable":true,"href":"https:\/\/www.marzicake.cz\/index.php?rest_route=\/wp\/v2\/users\/1"}],"replies":[{"embeddable":true,"href":"https:\/\/www.marzicake.cz\/index.php?rest_route=%2Fwp%2Fv2%2Fcomments&post=4258"}],"version-history":[{"count":12,"href":"https:\/\/www.marzicake.cz\/index.php?rest_route=\/wp\/v2\/posts\/4258\/revisions"}],"predecessor-version":[{"id":4350,"href":"https:\/\/www.marzicake.cz\/index.php?rest_route=\/wp\/v2\/posts\/4258\/revisions\/4350"}],"wp:attachment":[{"href":"https:\/\/www.marzicake.cz\/index.php?rest_route=%2Fwp%2Fv2%2Fmedia&parent=4258"}],"wp:term":[{"taxonomy":"category","embeddable":true,"href":"https:\/\/www.marzicake.cz\/index.php?rest_route=%2Fwp%2Fv2%2Fcategories&post=4258"},{"taxonomy":"post_tag","embeddable":true,"href":"https:\/\/www.marzicake.cz\/index.php?rest_route=%2Fwp%2Fv2%2Ftags&post=4258"}],"curies":[{"name":"wp","href":"https:\/\/api.w.org\/{rel}","templated":true}]}}