{"id":4239,"date":"2018-05-04T20:16:22","date_gmt":"2018-05-04T18:16:22","guid":{"rendered":"http:\/\/www.marzicake.cz\/?p=4239"},"modified":"2020-05-10T18:26:00","modified_gmt":"2020-05-10T16:26:00","slug":"mini-buchticky-trochu-jinak","status":"publish","type":"post","link":"https:\/\/www.marzicake.cz\/?p=4239","title":{"rendered":"Mini buchti\u010dky trochu jinak"},"content":{"rendered":"<p><a href=\"http:\/\/www.marzicake.cz\/wp-content\/uploads\/2018\/04\/mini-buchti\u010dky.jpg\"><img decoding=\"async\" loading=\"lazy\" class=\"size-medium wp-image-4234 alignleft\" src=\"http:\/\/www.marzicake.cz\/wp-content\/uploads\/2018\/04\/mini-buchti\u010dky-255x300.jpg\" alt=\"mini buchti\u010dky\" width=\"255\" height=\"300\" srcset=\"https:\/\/www.marzicake.cz\/wp-content\/uploads\/2018\/04\/mini-buchti\u010dky-255x300.jpg 255w, https:\/\/www.marzicake.cz\/wp-content\/uploads\/2018\/04\/mini-buchti\u010dky-768x904.jpg 768w, https:\/\/www.marzicake.cz\/wp-content\/uploads\/2018\/04\/mini-buchti\u010dky-869x1024.jpg 869w, https:\/\/www.marzicake.cz\/wp-content\/uploads\/2018\/04\/mini-buchti\u010dky-1080x1272.jpg 1080w\" sizes=\"(max-width: 255px) 100vw, 255px\" \/><\/a>P\u0159i vysloven\u00ed slova &#8220;buchta&#8221; si ka\u017ed\u00fd z n\u00e1s p\u0159edstav\u00edme n\u011bco jin\u00e9ho. \ud83d\ude42 J\u00e1 jsem st\u00e1le v kuchyni a tak si zcela p\u0159irozen\u011b vybav\u00edm p\u0159edev\u0161\u00edm tu sladkou a pln\u011bnou tvarohem. No, nen\u00ed to \u00fapln\u011b p\u0159esn\u00e9. Jako prvn\u00ed si vlastn\u011b vybav\u00edm buchti\u010dky s vanilkov\u00fdm kr\u00e9mem. Mysl\u00edm, \u017ee to bylo jedin\u00e9 j\u00eddlo, kter\u00e9 jsem ze \u0161koln\u00edch j\u00eddelen milovala. Moje mamka tuhle sladkou pochoutku\u00a0nikdy ned\u011blala a tak kdy\u017e byla p\u0159\u00edle\u017eitost, v\u017edy jsem si p\u0159idala. Babi\u010dka v\u017edy vzpom\u00ednala na to, \u017ee jej\u00ed babi\u010dka nikdy buchty neplnila. Men\u0161\u00ed kuli\u010dky pekla v mal\u00e9m pek\u00e1\u010dku. Po upe\u010den\u00ed polila rozeh\u0159\u00e1t\u00fdm m\u00e1slem a pak malinko rukou pocukrovala. Tak\u00e9 jsem to zkusila, ale buchti\u010dky nesm\u00ed b\u00fdt moc velk\u00e9, proto\u017ee jsem a\u017e moc zvykl\u00e1 na ty pln\u011bn\u00e9. Nen\u00ed nad to, kdy\u017e kynut\u00e9 t\u011bsto napln\u00edte tvarohem, povidly, m\u00e1kem, \u010dokol\u00e1dou, pudinkem, nebo n\u011bjakou dom\u00e1c\u00ed marmel\u00e1dou.<\/p>\n<p><a href=\"http:\/\/www.marzicake.cz\/wp-content\/uploads\/2018\/04\/mini-buchti\u010dky-upe\u010den\u00e9-2-logo.jpg\"><img decoding=\"async\" loading=\"lazy\" class=\" wp-image-4232 alignleft\" src=\"http:\/\/www.marzicake.cz\/wp-content\/uploads\/2018\/04\/mini-buchti\u010dky-upe\u010den\u00e9-2-logo-300x223.jpg\" alt=\"mini buchti\u010dky upe\u010den\u00e9 2 +logo\" width=\"237\" height=\"176\" srcset=\"https:\/\/www.marzicake.cz\/wp-content\/uploads\/2018\/04\/mini-buchti\u010dky-upe\u010den\u00e9-2-logo-300x223.jpg 300w, https:\/\/www.marzicake.cz\/wp-content\/uploads\/2018\/04\/mini-buchti\u010dky-upe\u010den\u00e9-2-logo-768x572.jpg 768w, https:\/\/www.marzicake.cz\/wp-content\/uploads\/2018\/04\/mini-buchti\u010dky-upe\u010den\u00e9-2-logo-1024x762.jpg 1024w, https:\/\/www.marzicake.cz\/wp-content\/uploads\/2018\/04\/mini-buchti\u010dky-upe\u010den\u00e9-2-logo-1080x804.jpg 1080w\" sizes=\"(max-width: 237px) 100vw, 237px\" \/><\/a>Asi nejv\u00edc jsem m\u011bla na buchty chu\u0165, kdy\u017e jsem byla mal\u00e1 holka a zahl\u00e9dla je v n\u011bjak\u00e9 \u010desk\u00e9 poh\u00e1dce. Tam vypadaly buchty v\u017edy uk\u00e1zkov\u011b. Proto kynut\u00e9 t\u011bsto pat\u0159ilo k t\u011bm prvn\u00edm, kter\u00e9 jsem se cht\u011bla dob\u0159e nau\u010dit. Za cel\u00e9 ty roky m\u00e9ho pe\u010den\u00ed jsem si na\u0161la recept na kynut\u00e9 buchty, kter\u00fd jsou si opravdu obl\u00edbila. Najdete ho v jin\u00fdch sladkostech.\u00a0I tak zkou\u0161\u00edm jin\u00e9 a dal\u0161\u00ed varianty. Jeden z nich si m\u016f\u017eete tak\u00e9 vyzkou\u0161et a pou\u017e\u00edt k n\u011bmu \u00fapln\u011b skv\u011blou <a href=\"http:\/\/www.anrdoezrs.net\/links\/8766743\u200c\/type\/dlg\/https:\/\/eshop.tescoma.cz\/forma-dukatove-buchticky-della-casa\">formu na duk\u00e1tov\u00e9 buchti\u010dky\u00a0od Tescomy<\/a>.<\/p>\n<p>P\u0159esto, \u017ee v posledn\u00edch letech k n\u00e1m proud\u00ed vlna francouzsk\u00fdch sladkost\u00ed. \u00a0Buchty k n\u00e1m \u010cech\u016fm prost\u011b pat\u0159\u00ed.<\/p>\n","protected":false},"excerpt":{"rendered":"<p>P\u0159i vysloven\u00ed slova &#8220;buchta&#8221; si ka\u017ed\u00fd z n\u00e1s p\u0159edstav\u00edme n\u011bco jin\u00e9ho. \ud83d\ude42 J\u00e1 jsem st\u00e1le v kuchyni a tak si zcela p\u0159irozen\u011b vybav\u00edm p\u0159edev\u0161\u00edm tu sladkou a pln\u011bnou tvarohem. No, nen\u00ed to \u00fapln\u011b p\u0159esn\u00e9. Jako prvn\u00ed si vlastn\u011b vybav\u00edm buchti\u010dky s vanilkov\u00fdm kr\u00e9mem. Mysl\u00edm, \u017ee to bylo jedin\u00e9 j\u00eddlo, kter\u00e9 jsem ze \u0161koln\u00edch j\u00eddelen milovala&#8230;.<\/p>\n<p><a class=\"more-link\" href=\"https:\/\/www.marzicake.cz\/?p=4239\">\u010cti d\u00e1l<\/a><\/p>\n","protected":false},"author":1,"featured_media":224293,"comment_status":"open","ping_status":"open","sticky":false,"template":"","format":"standard","meta":{"wprm-recipe-roundup-name":"","wprm-recipe-roundup-description":"","_mi_skip_tracking":false,"_genesis_hide_title":false,"_genesis_hide_breadcrumbs":false,"_genesis_hide_singular_image":false,"_genesis_custom_body_class":"","_genesis_custom_post_class":"","_genesis_layout":""},"categories":[400],"tags":[],"_links":{"self":[{"href":"https:\/\/www.marzicake.cz\/index.php?rest_route=\/wp\/v2\/posts\/4239"}],"collection":[{"href":"https:\/\/www.marzicake.cz\/index.php?rest_route=\/wp\/v2\/posts"}],"about":[{"href":"https:\/\/www.marzicake.cz\/index.php?rest_route=\/wp\/v2\/types\/post"}],"author":[{"embeddable":true,"href":"https:\/\/www.marzicake.cz\/index.php?rest_route=\/wp\/v2\/users\/1"}],"replies":[{"embeddable":true,"href":"https:\/\/www.marzicake.cz\/index.php?rest_route=%2Fwp%2Fv2%2Fcomments&post=4239"}],"version-history":[{"count":6,"href":"https:\/\/www.marzicake.cz\/index.php?rest_route=\/wp\/v2\/posts\/4239\/revisions"}],"predecessor-version":[{"id":229932,"href":"https:\/\/www.marzicake.cz\/index.php?rest_route=\/wp\/v2\/posts\/4239\/revisions\/229932"}],"wp:featuredmedia":[{"embeddable":true,"href":"https:\/\/www.marzicake.cz\/index.php?rest_route=\/wp\/v2\/media\/224293"}],"wp:attachment":[{"href":"https:\/\/www.marzicake.cz\/index.php?rest_route=%2Fwp%2Fv2%2Fmedia&parent=4239"}],"wp:term":[{"taxonomy":"category","embeddable":true,"href":"https:\/\/www.marzicake.cz\/index.php?rest_route=%2Fwp%2Fv2%2Fcategories&post=4239"},{"taxonomy":"post_tag","embeddable":true,"href":"https:\/\/www.marzicake.cz\/index.php?rest_route=%2Fwp%2Fv2%2Ftags&post=4239"}],"curies":[{"name":"wp","href":"https:\/\/api.w.org\/{rel}","templated":true}]}}