{"id":3824,"date":"2017-12-01T17:36:14","date_gmt":"2017-12-01T16:36:14","guid":{"rendered":"http:\/\/www.marzicake.cz\/?p=3824"},"modified":"2019-10-18T20:43:42","modified_gmt":"2019-10-18T18:43:42","slug":"predvanocni-cas","status":"publish","type":"post","link":"https:\/\/www.marzicake.cz\/?p=3824","title":{"rendered":"P\u0159edv\u00e1no\u010dn\u00ed \u010das"},"content":{"rendered":"<p>Leto\u0161n\u00ed p\u0159edv\u00e1no\u010dn\u00ed \u010das, je pro m\u011b tak trochu jin\u00fd.<\/p>\n<p>D\u00edky svatb\u011b dcery, jsem potkala p\u00e1r skv\u011bl\u00fdch lid\u00ed. Nev\u00edm, jestli se v\u00e1m to u\u017e stalo, ale n\u011bkdy se s&nbsp;n\u011bk\u00fdm setk\u00e1te a m\u00e1te pocit, jako byste se znali roky. M\u00e1te si co \u0159\u00edct a je v\u00e1m prost\u011b p\u0159\u00edjemn\u011b. Je to takov\u00e9 to \u201enalad\u011bn\u00ed na stejnou vlnu\u201c. A d\u00edky tomu v\u00e1s napadaj\u00ed v\u011bci, kter\u00e9 byste norm\u00e1ln\u011b nikdy neud\u011blali. \ud83d\ude42 A tak u\u017e m\u00e1m nape\u010deno asi 300 pern\u00ed\u010dk\u016f a d\u00e1rek, na kter\u00fd jsem se chystala hodn\u011b dlouho. A pr\u00e1v\u011b letos p\u0159i\u0161la ta chv\u00edle a osoby, kter\u00fdm jsem t\u00edmto p\u0159ekvapen\u00edm mohla ud\u011blat radost. Jde o v\u00e1no\u010dn\u00ed dort, kter\u00fd ale nen\u00ed mou my\u0161lenkou. Jen jsem se inspirovala n\u00e1padem Peggy &nbsp;z&nbsp;Lond\u00fdna. Dort si m\u016f\u017eete prohl\u00e9dnout na Panstv\u00ed Dlouh\u00e1 Lhota, kter\u00fd ho ode m\u011b dostal d\u00e1rkem.<\/p>\n<p>V\u011bt\u0161ina m\u00e9ho v\u00e1no\u010dn\u00edho tvo\u0159en\u00ed jsou vlastn\u011b v\u017edy d\u00e1rky. Rozd\u00e1v\u00e1m je v\u0161ude. V&nbsp;&nbsp;rodin\u011b, p\u0159\u00e1tel\u016fm a v advok\u00e1tn\u00ed kancel\u00e1\u0159i. Tak\u00e9 t\u011bm, se kter\u00fdmi jsem se sp\u0159\u00e1telila d\u00edky pravideln\u00e9mu ka\u017edodenn\u00edmu cestov\u00e1n\u00ed za prac\u00ed. Tak\u017ee \u0159idi\u010di autobusu, ale i ti, se kter\u00fdmi pravideln\u011b spolupracuji. Dcery sladk\u00e9 m\u00e9 sladk\u00e9 tvo\u0159en\u00ed&nbsp;daruj\u00ed zas sv\u00fdm p\u0159\u00e1tel\u016fm. Prost\u011b, koho zn\u00e1me, ten zn\u00e1 tvo\u0159en\u00ed marzicake.<\/p>\n<p>A to je to mo\u017en\u00e1 i jeden z d\u016fvod\u016f, pro\u010d m\u00e1m tenhle blog. Pro inspiraci a sladk\u00e9 tvo\u0159en\u00ed, kter\u00e9 n\u00e1sledn\u011b d\u011bl\u00e1 radost ostatn\u00edm.<\/p>\n<p>A tak sledujte str\u00e1nky v odkazu V\u00e1noce. Najdete zde recept na pern\u00ed\u010dky, r\u016fzn\u00e9 v\u00e1no\u010dn\u00ed cukrov\u00ed a tak\u00e9 vaje\u010dn\u00fd ko\u0148ak. T\u0159eba si je obl\u00edb\u00edte stejn\u011b jako cel\u00e9 m\u00e9 okol\u00ed. Jen pros\u00edm nekop\u00edrujte recepty na sv\u00e9 blogy a do sv\u00fdch knih. To se na nejen na V\u00e1noce prost\u011b ned\u011bl\u00e1&#8230; \ud83d\ude42<\/p>\n","protected":false},"excerpt":{"rendered":"<p>Leto\u0161n\u00ed p\u0159edv\u00e1no\u010dn\u00ed \u010das, je pro m\u011b tak trochu jin\u00fd. D\u00edky svatb\u011b dcery, jsem potkala p\u00e1r skv\u011bl\u00fdch lid\u00ed. Nev\u00edm, jestli se v\u00e1m to u\u017e stalo, ale n\u011bkdy se s&nbsp;n\u011bk\u00fdm setk\u00e1te a m\u00e1te pocit, jako byste se znali roky. M\u00e1te si co \u0159\u00edct a je v\u00e1m prost\u011b p\u0159\u00edjemn\u011b. Je to takov\u00e9 to \u201enalad\u011bn\u00ed na stejnou vlnu\u201c. A&#8230;<\/p>\n<p><a class=\"more-link\" href=\"https:\/\/www.marzicake.cz\/?p=3824\">\u010cti d\u00e1l<\/a><\/p>\n","protected":false},"author":1,"featured_media":224244,"comment_status":"open","ping_status":"open","sticky":false,"template":"","format":"standard","meta":{"wprm-recipe-roundup-name":"","wprm-recipe-roundup-description":"","_mi_skip_tracking":false,"_genesis_hide_title":false,"_genesis_hide_breadcrumbs":false,"_genesis_hide_singular_image":false,"_genesis_custom_body_class":"","_genesis_custom_post_class":"","_genesis_layout":""},"categories":[400],"tags":[],"_links":{"self":[{"href":"https:\/\/www.marzicake.cz\/index.php?rest_route=\/wp\/v2\/posts\/3824"}],"collection":[{"href":"https:\/\/www.marzicake.cz\/index.php?rest_route=\/wp\/v2\/posts"}],"about":[{"href":"https:\/\/www.marzicake.cz\/index.php?rest_route=\/wp\/v2\/types\/post"}],"author":[{"embeddable":true,"href":"https:\/\/www.marzicake.cz\/index.php?rest_route=\/wp\/v2\/users\/1"}],"replies":[{"embeddable":true,"href":"https:\/\/www.marzicake.cz\/index.php?rest_route=%2Fwp%2Fv2%2Fcomments&post=3824"}],"version-history":[{"count":5,"href":"https:\/\/www.marzicake.cz\/index.php?rest_route=\/wp\/v2\/posts\/3824\/revisions"}],"predecessor-version":[{"id":224458,"href":"https:\/\/www.marzicake.cz\/index.php?rest_route=\/wp\/v2\/posts\/3824\/revisions\/224458"}],"wp:featuredmedia":[{"embeddable":true,"href":"https:\/\/www.marzicake.cz\/index.php?rest_route=\/wp\/v2\/media\/224244"}],"wp:attachment":[{"href":"https:\/\/www.marzicake.cz\/index.php?rest_route=%2Fwp%2Fv2%2Fmedia&parent=3824"}],"wp:term":[{"taxonomy":"category","embeddable":true,"href":"https:\/\/www.marzicake.cz\/index.php?rest_route=%2Fwp%2Fv2%2Fcategories&post=3824"},{"taxonomy":"post_tag","embeddable":true,"href":"https:\/\/www.marzicake.cz\/index.php?rest_route=%2Fwp%2Fv2%2Ftags&post=3824"}],"curies":[{"name":"wp","href":"https:\/\/api.w.org\/{rel}","templated":true}]}}