{"id":3342,"date":"2017-04-15T18:56:58","date_gmt":"2017-04-15T16:56:58","guid":{"rendered":"http:\/\/www.marzicake.cz\/?p=3342"},"modified":"2019-10-19T11:32:03","modified_gmt":"2019-10-19T09:32:03","slug":"velikonoce-a-vitani-jara","status":"publish","type":"post","link":"https:\/\/www.marzicake.cz\/?p=3342","title":{"rendered":"Velikonoce a v\u00edt\u00e1n\u00ed jara"},"content":{"rendered":"<p><a href=\"http:\/\/www.marzicake.cz\/wp-content\/uploads\/2017\/04\/Mazanec-s-brusinkami-modr\u00fdlogo.jpg\"><img decoding=\"async\" loading=\"lazy\" class=\"size-medium wp-image-3344 alignleft\" src=\"http:\/\/www.marzicake.cz\/wp-content\/uploads\/2017\/04\/Mazanec-s-brusinkami-modr\u00fdlogo-200x300.jpg\" alt=\"Mazanec s brusinkami- modr\u00fd+logo\" width=\"200\" height=\"300\" srcset=\"https:\/\/www.marzicake.cz\/wp-content\/uploads\/2017\/04\/Mazanec-s-brusinkami-modr\u00fdlogo-200x300.jpg 200w, https:\/\/www.marzicake.cz\/wp-content\/uploads\/2017\/04\/Mazanec-s-brusinkami-modr\u00fdlogo-768x1152.jpg 768w, https:\/\/www.marzicake.cz\/wp-content\/uploads\/2017\/04\/Mazanec-s-brusinkami-modr\u00fdlogo-683x1024.jpg 683w, https:\/\/www.marzicake.cz\/wp-content\/uploads\/2017\/04\/Mazanec-s-brusinkami-modr\u00fdlogo-1080x1620.jpg 1080w\" sizes=\"(max-width: 200px) 100vw, 200px\" \/><\/a>Surfinie jsou zasazen\u00e9 v truhl\u00edc\u00edch za oknem, mazanec von\u00ed na stole a v\u010del\u00ed vosk je p\u0159ipraven ke zdoben\u00ed vaj\u00ed\u010dek. Venku je pom\u011brn\u011b chladno a dle p\u0159edpov\u011bd\u00ed po\u010das\u00ed n\u00e1s \u010dek\u00e1 na velikono\u010dn\u00ed pond\u011blek i sn\u00edh. Tak\u017ee apr\u00edlov\u00e9 po\u010das\u00ed jak se pat\u0159\u00ed.&nbsp;Truhl\u00edky mo\u017en\u00e1 skon\u010d\u00ed na p\u00e1r dn\u00ed ve sklen\u00edku, ale zdoben\u00ed vaj\u00ed\u010dek a pe\u010den\u00ed r\u016fzn\u00fdch velikono\u010dn\u00edch dobrot, nem\u016f\u017ee sn\u00edh p\u0159ekazit. Miluji ty chv\u00edle. Chladn\u00e9 po\u010das\u00ed nep\u0159ekazilo ani leto\u0161n\u00edm racht\u00e1\u010d\u016fm rann\u00ed koledov\u00e1n\u00ed. A pr\u00e1v\u011b ten zvuk&nbsp;rachtac\u00edch traka\u0159\u016f a \u0159ehta\u010dek jakoby jaro p\u0159ivol\u00e1val. Tak je\u0161t\u011b p\u00e1r dn\u00ed a slun\u00ed\u010dko bude zah\u0159\u00edvat a dod\u00e1vat energii n\u00e1m v\u0161em. \u010cek\u00e1n\u00ed si tak m\u016f\u017eete zp\u0159\u00edjemnit ochutn\u00e1vkou velikono\u010dn\u00edch sladkost\u00ed. A nebo se jako j\u00e1, m\u016f\u017eete tvo\u0159en\u00edm sladkost\u00ed p\u0159ipravovat na n\u00e1sleduj\u00edc\u00ed dny. Dnes jsem pekla makronky, kol\u00e1\u010de, lineck\u00e9 a chladno mi tedy nebylo&#8230; Kulatiny se prost\u011b mus\u00ed po\u0159\u00e1dn\u011b p\u0159ipravit sv\u00e1tky nesv\u00e1tky. \ud83d\ude42<\/p>\n<p><a href=\"http:\/\/www.marzicake.cz\/wp-content\/uploads\/2017\/04\/Mazanec-s-brusinkami-2logo.jpg\"><img decoding=\"async\" loading=\"lazy\" class=\"alignnone size-medium wp-image-3347\" src=\"http:\/\/www.marzicake.cz\/wp-content\/uploads\/2017\/04\/Mazanec-s-brusinkami-2logo-300x200.jpg\" alt=\"Mazanec s brusinkami 2+logo\" width=\"300\" height=\"200\" srcset=\"https:\/\/www.marzicake.cz\/wp-content\/uploads\/2017\/04\/Mazanec-s-brusinkami-2logo-300x200.jpg 300w, https:\/\/www.marzicake.cz\/wp-content\/uploads\/2017\/04\/Mazanec-s-brusinkami-2logo-768x512.jpg 768w, https:\/\/www.marzicake.cz\/wp-content\/uploads\/2017\/04\/Mazanec-s-brusinkami-2logo-1024x683.jpg 1024w, https:\/\/www.marzicake.cz\/wp-content\/uploads\/2017\/04\/Mazanec-s-brusinkami-2logo-1080x720.jpg 1080w\" sizes=\"(max-width: 300px) 100vw, 300px\" \/><\/a>&nbsp;&nbsp;<a href=\"http:\/\/www.marzicake.cz\/wp-content\/uploads\/2017\/04\/Mazanec-s-brusinkamilogo.jpg\"><img decoding=\"async\" loading=\"lazy\" class=\"alignnone  wp-image-3348\" src=\"http:\/\/www.marzicake.cz\/wp-content\/uploads\/2017\/04\/Mazanec-s-brusinkamilogo-212x300.jpg\" alt=\"Mazanec s brusinkami+logo\" width=\"141\" height=\"200\" srcset=\"https:\/\/www.marzicake.cz\/wp-content\/uploads\/2017\/04\/Mazanec-s-brusinkamilogo-212x300.jpg 212w, https:\/\/www.marzicake.cz\/wp-content\/uploads\/2017\/04\/Mazanec-s-brusinkamilogo-768x1085.jpg 768w, https:\/\/www.marzicake.cz\/wp-content\/uploads\/2017\/04\/Mazanec-s-brusinkamilogo-725x1024.jpg 725w, https:\/\/www.marzicake.cz\/wp-content\/uploads\/2017\/04\/Mazanec-s-brusinkamilogo-1080x1526.jpg 1080w\" sizes=\"(max-width: 141px) 100vw, 141px\" \/><\/a>&nbsp;&nbsp;<a href=\"http:\/\/www.marzicake.cz\/wp-content\/uploads\/2017\/04\/Mal\u00e9-kapsylogo.jpg\"><img decoding=\"async\" loading=\"lazy\" class=\"alignnone  wp-image-3335\" src=\"http:\/\/www.marzicake.cz\/wp-content\/uploads\/2017\/04\/Mal\u00e9-kapsylogo-200x300.jpg\" alt=\"Mal\u00e9 kapsy+logo\" width=\"133\" height=\"199\" srcset=\"https:\/\/www.marzicake.cz\/wp-content\/uploads\/2017\/04\/Mal\u00e9-kapsylogo-200x300.jpg 200w, https:\/\/www.marzicake.cz\/wp-content\/uploads\/2017\/04\/Mal\u00e9-kapsylogo-768x1152.jpg 768w, https:\/\/www.marzicake.cz\/wp-content\/uploads\/2017\/04\/Mal\u00e9-kapsylogo-683x1024.jpg 683w, https:\/\/www.marzicake.cz\/wp-content\/uploads\/2017\/04\/Mal\u00e9-kapsylogo-1080x1620.jpg 1080w\" sizes=\"(max-width: 133px) 100vw, 133px\" \/><\/a><\/p>\n<p>&nbsp;<\/p>\n","protected":false},"excerpt":{"rendered":"<p>Surfinie jsou zasazen\u00e9 v truhl\u00edc\u00edch za oknem, mazanec von\u00ed na stole a v\u010del\u00ed vosk je p\u0159ipraven ke zdoben\u00ed vaj\u00ed\u010dek. Venku je pom\u011brn\u011b chladno a dle p\u0159edpov\u011bd\u00ed po\u010das\u00ed n\u00e1s \u010dek\u00e1 na velikono\u010dn\u00ed pond\u011blek i sn\u00edh. Tak\u017ee apr\u00edlov\u00e9 po\u010das\u00ed jak se pat\u0159\u00ed.&nbsp;Truhl\u00edky mo\u017en\u00e1 skon\u010d\u00ed na p\u00e1r dn\u00ed ve sklen\u00edku, ale zdoben\u00ed vaj\u00ed\u010dek a pe\u010den\u00ed r\u016fzn\u00fdch velikono\u010dn\u00edch dobrot,&#8230;<\/p>\n<p><a class=\"more-link\" href=\"https:\/\/www.marzicake.cz\/?p=3342\">\u010cti d\u00e1l<\/a><\/p>\n","protected":false},"author":1,"featured_media":224563,"comment_status":"open","ping_status":"open","sticky":false,"template":"","format":"standard","meta":{"wprm-recipe-roundup-name":"","wprm-recipe-roundup-description":"","_mi_skip_tracking":false,"_genesis_hide_title":false,"_genesis_hide_breadcrumbs":false,"_genesis_hide_singular_image":false,"_genesis_custom_body_class":"","_genesis_custom_post_class":"","_genesis_layout":""},"categories":[400],"tags":[],"_links":{"self":[{"href":"https:\/\/www.marzicake.cz\/index.php?rest_route=\/wp\/v2\/posts\/3342"}],"collection":[{"href":"https:\/\/www.marzicake.cz\/index.php?rest_route=\/wp\/v2\/posts"}],"about":[{"href":"https:\/\/www.marzicake.cz\/index.php?rest_route=\/wp\/v2\/types\/post"}],"author":[{"embeddable":true,"href":"https:\/\/www.marzicake.cz\/index.php?rest_route=\/wp\/v2\/users\/1"}],"replies":[{"embeddable":true,"href":"https:\/\/www.marzicake.cz\/index.php?rest_route=%2Fwp%2Fv2%2Fcomments&post=3342"}],"version-history":[{"count":3,"href":"https:\/\/www.marzicake.cz\/index.php?rest_route=\/wp\/v2\/posts\/3342\/revisions"}],"predecessor-version":[{"id":224568,"href":"https:\/\/www.marzicake.cz\/index.php?rest_route=\/wp\/v2\/posts\/3342\/revisions\/224568"}],"wp:featuredmedia":[{"embeddable":true,"href":"https:\/\/www.marzicake.cz\/index.php?rest_route=\/wp\/v2\/media\/224563"}],"wp:attachment":[{"href":"https:\/\/www.marzicake.cz\/index.php?rest_route=%2Fwp%2Fv2%2Fmedia&parent=3342"}],"wp:term":[{"taxonomy":"category","embeddable":true,"href":"https:\/\/www.marzicake.cz\/index.php?rest_route=%2Fwp%2Fv2%2Fcategories&post=3342"},{"taxonomy":"post_tag","embeddable":true,"href":"https:\/\/www.marzicake.cz\/index.php?rest_route=%2Fwp%2Fv2%2Ftags&post=3342"}],"curies":[{"name":"wp","href":"https:\/\/api.w.org\/{rel}","templated":true}]}}