{"id":3276,"date":"2017-03-11T15:12:32","date_gmt":"2017-03-11T14:12:32","guid":{"rendered":"http:\/\/www.marzicake.cz\/?p=3276"},"modified":"2019-10-19T11:26:59","modified_gmt":"2019-10-19T09:26:59","slug":"sladky-bar-pro-deti","status":"publish","type":"post","link":"https:\/\/www.marzicake.cz\/?p=3276","title":{"rendered":"Sladk\u00fd bar pro d\u011bti"},"content":{"rendered":"<p>Vzpom\u00edn\u00e1m na dobu, kdy\u017e na\u0161e dcery byly mal\u00e9. Od \u0161kolky a\u017e po z\u00e1kladku jsme v\u0161echny jejich narozeniny slavily na zahrad\u011b. Docela se div\u00edm, \u017ee d\u011btsk\u00fd domek, kter\u00fd tam stoj\u00ed,&nbsp; tyhle akce v\u016fbec vydr\u017eel.&nbsp; Do dnes d\u011bkuji m\u00e9mu tch\u00e1novi, kter\u00fd dome\u010dek postavil. Byl to od n\u011bj \u00fa\u017easn\u00fd n\u00e1pad. V\u0161echny d\u011bti ten domek milovaly.<\/p>\n<p>Oslav\u011b p\u0159edch\u00e1zela v\u017edy n\u011bjak\u00e1 hra. V\u011bt\u0161inou \u0161ipkovan\u00e1 pln\u00e1 p\u0159ekvapen\u00ed. A pak n\u00e1sledoval st\u016fl pln\u00fd sladk\u00fdch, ale i slan\u00fdch dobrot. Asi nejv\u011bt\u0161\u00ed \u00fasp\u011bch m\u011bly Drahenick\u00e9 kyti\u010dky a kremrole. (Oba recepty najdete v&nbsp;jin\u00fdch sladkostech.)<\/p>\n<p>Ob\u010derstven\u00ed zmizelo b\u011bhem chvilky. Do dnes na ty chv\u00edle v\u0161ichni vzpom\u00edn\u00e1me. Ani jsem netu\u0161ila, \u017ee jsem ka\u017edoro\u010dn\u011b tvo\u0159ila sladk\u00fd bar. Tak velkolep\u011b jsem tomu tedy ne\u0159\u00edkala. \ud83d\ude42<\/p>\n<p>Nikdo ne\u0159e\u0161il jakou barvu ob\u010derstven\u00ed m\u00e1 a co je na stole. A bylo \u00fapln\u011b jedno, kdo jak\u00fd d\u00e1re\u010dek p\u0159inesl, nebo jestli v\u016fbec n\u011bco p\u0159inesl. Pamatuji si na jeden opravdu vtipn\u00fd d\u00e1rek, kter\u00fd jedna z&nbsp;dcer dostala. Byl to oby\u010dejn\u00fd kol\u00edk na pr\u00e1dlo, kter\u00fd sp\u00ednal pap\u00edrek, na kter\u00e9m bylo naps\u00e1no: \u201e Jsem r\u00e1da, \u017ee nejsi tlust\u00e1 jako hroch\u201c. \ud83d\ude42 Bylo to opravdu legra\u010dn\u00ed.<\/p>\n<p><a href=\"http:\/\/www.marzicake.cz\/wp-content\/uploads\/2017\/03\/Eifelovka-na-makroncelogo.jpg\"><img decoding=\"async\" loading=\"lazy\" class=\"size-medium wp-image-3278 alignleft\" src=\"http:\/\/www.marzicake.cz\/wp-content\/uploads\/2017\/03\/Eifelovka-na-makroncelogo-272x300.jpg\" alt=\"Eifelovka na makronce+logo\" width=\"272\" height=\"300\" srcset=\"https:\/\/www.marzicake.cz\/wp-content\/uploads\/2017\/03\/Eifelovka-na-makroncelogo-272x300.jpg 272w, https:\/\/www.marzicake.cz\/wp-content\/uploads\/2017\/03\/Eifelovka-na-makroncelogo-768x847.jpg 768w, https:\/\/www.marzicake.cz\/wp-content\/uploads\/2017\/03\/Eifelovka-na-makroncelogo-929x1024.jpg 929w, https:\/\/www.marzicake.cz\/wp-content\/uploads\/2017\/03\/Eifelovka-na-makroncelogo-1080x1191.jpg 1080w\" sizes=\"(max-width: 272px) 100vw, 272px\" \/><\/a>Dnes je trochu jin\u00e1 doba. \u010c\u00edm v\u011bt\u0161\u00ed a honosn\u011bj\u0161\u00ed oslavu d\u00edt\u011b m\u00e1, t\u00edm l\u00e9pe. D\u00e1rky nejsou mal\u00e9 drobnosti, ale pom\u011brn\u011b n\u00e1kladn\u011bj\u0161\u00ed dary. Pronajmou se v\u011bt\u0161inou n\u011bjak\u00e9 prostory a cel\u00e1 akce je opravdu velkolep\u00e1. A pr\u00e1v\u011b k&nbsp;takov\u00e9 p\u0159\u00edle\u017eitosti dnes slou\u017e\u00ed tak zvan\u00e9 sladk\u00e9 bary. V\u0161echny sladkosti jsou n\u00e1dhern\u011b barevn\u011b slad\u011bn\u00e9. A proto\u017ee m\u00e1m letitou pr\u016fpravu, ne\u0161lo jinak a vytvo\u0159ila jsem po letech n\u011bco trendy. Sladk\u00e9mu baru by m\u011bl dominovat dost. Tak\u017ee jestli pl\u00e1nujete tak\u00e9 n\u011bjakou podobnou akci pro na\u0161e nejmen\u0161\u00ed, vytvo\u0159ila jsem pro v\u00e1s malou inspiraci. V&nbsp;posledn\u00ed dob\u011b je internet pln\u00fd sladk\u00fdch bar\u016f, tak\u017ee ur\u010dit\u011b nic nepokaz\u00edte. V\u0161echno, co m\u00e1te nejrad\u011bji, naaran\u017eujte na velk\u00fd st\u016fl a sla\u010fte do jedn\u00e9 barvy. A spokojenost a pohoda d\u011bt\u00ed i dosp\u011bl\u00fdch je zaru\u010dena.<\/p>\n<p><a href=\"http:\/\/www.marzicake.cz\/wp-content\/uploads\/2017\/03\/Sladk\u00fd-bar-2logo.jpg\"><img decoding=\"async\" loading=\"lazy\" class=\"alignnone wp-image-3280\" src=\"http:\/\/www.marzicake.cz\/wp-content\/uploads\/2017\/03\/Sladk\u00fd-bar-2logo-200x300.jpg\" alt=\"Sladk\u00fd bar 2+logo\" width=\"169\" height=\"254\" srcset=\"https:\/\/www.marzicake.cz\/wp-content\/uploads\/2017\/03\/Sladk\u00fd-bar-2logo-200x300.jpg 200w, https:\/\/www.marzicake.cz\/wp-content\/uploads\/2017\/03\/Sladk\u00fd-bar-2logo-768x1152.jpg 768w, https:\/\/www.marzicake.cz\/wp-content\/uploads\/2017\/03\/Sladk\u00fd-bar-2logo-683x1024.jpg 683w, https:\/\/www.marzicake.cz\/wp-content\/uploads\/2017\/03\/Sladk\u00fd-bar-2logo-1080x1620.jpg 1080w\" sizes=\"(max-width: 169px) 100vw, 169px\" \/><\/a>&nbsp;&nbsp;<a href=\"http:\/\/www.marzicake.cz\/wp-content\/uploads\/2017\/03\/L\u00edz\u00e1tkalogo.jpg\"><img decoding=\"async\" loading=\"lazy\" class=\"alignnone wp-image-3279\" src=\"http:\/\/www.marzicake.cz\/wp-content\/uploads\/2017\/03\/L\u00edz\u00e1tkalogo-200x300.jpg\" alt=\"L\u00edz\u00e1tka+logo\" width=\"168\" height=\"252\" srcset=\"https:\/\/www.marzicake.cz\/wp-content\/uploads\/2017\/03\/L\u00edz\u00e1tkalogo-200x300.jpg 200w, https:\/\/www.marzicake.cz\/wp-content\/uploads\/2017\/03\/L\u00edz\u00e1tkalogo-768x1152.jpg 768w, https:\/\/www.marzicake.cz\/wp-content\/uploads\/2017\/03\/L\u00edz\u00e1tkalogo-683x1024.jpg 683w, https:\/\/www.marzicake.cz\/wp-content\/uploads\/2017\/03\/L\u00edz\u00e1tkalogo-1080x1620.jpg 1080w\" sizes=\"(max-width: 168px) 100vw, 168px\" \/><\/a>&nbsp;&nbsp;<a href=\"http:\/\/www.marzicake.cz\/wp-content\/uploads\/2017\/03\/Zabaleno-retrologo.jpg\"><img decoding=\"async\" loading=\"lazy\" class=\"alignnone wp-image-3282\" src=\"http:\/\/www.marzicake.cz\/wp-content\/uploads\/2017\/03\/Zabaleno-retrologo-300x288.jpg\" alt=\"Zabaleno retro+logo\" width=\"264\" height=\"253\" srcset=\"https:\/\/www.marzicake.cz\/wp-content\/uploads\/2017\/03\/Zabaleno-retrologo-300x288.jpg 300w, https:\/\/www.marzicake.cz\/wp-content\/uploads\/2017\/03\/Zabaleno-retrologo-768x736.jpg 768w, https:\/\/www.marzicake.cz\/wp-content\/uploads\/2017\/03\/Zabaleno-retrologo-1024x981.jpg 1024w, https:\/\/www.marzicake.cz\/wp-content\/uploads\/2017\/03\/Zabaleno-retrologo-1080x1035.jpg 1080w\" sizes=\"(max-width: 264px) 100vw, 264px\" \/><\/a><\/p>\n<p>A kdyby jste necht\u011bli dort a tou\u017eili jen po n\u011b\u010dem vesel\u00e9m a efektn\u00edm, n\u00ed\u017ee je jedna varianta. Barevn\u00e9 makronky ur\u010dit\u011b pot\u011b\u0161\u00ed ka\u017edou d\u011btskou oslavu.<\/p>\n<p><a href=\"http:\/\/www.marzicake.cz\/wp-content\/uploads\/2016\/12\/Stojan-nikon-logo-velikost.jpg\"><img decoding=\"async\" loading=\"lazy\" class=\"alignnone size-medium wp-image-2755\" src=\"http:\/\/www.marzicake.cz\/wp-content\/uploads\/2016\/12\/Stojan-nikon-logo-velikost-194x300.jpg\" alt=\"stojan-nikon-logo-velikost\" width=\"194\" height=\"300\" srcset=\"https:\/\/www.marzicake.cz\/wp-content\/uploads\/2016\/12\/Stojan-nikon-logo-velikost-194x300.jpg 194w, https:\/\/www.marzicake.cz\/wp-content\/uploads\/2016\/12\/Stojan-nikon-logo-velikost-800x1237.jpg 800w, https:\/\/www.marzicake.cz\/wp-content\/uploads\/2016\/12\/Stojan-nikon-logo-velikost-600x928.jpg 600w, https:\/\/www.marzicake.cz\/wp-content\/uploads\/2016\/12\/Stojan-nikon-logo-velikost-768x1188.jpg 768w, https:\/\/www.marzicake.cz\/wp-content\/uploads\/2016\/12\/Stojan-nikon-logo-velikost-662x1024.jpg 662w, https:\/\/www.marzicake.cz\/wp-content\/uploads\/2016\/12\/Stojan-nikon-logo-velikost-1080x1670.jpg 1080w\" sizes=\"(max-width: 194px) 100vw, 194px\" \/><\/a><\/p>\n<p>&nbsp;<\/p>\n","protected":false},"excerpt":{"rendered":"<p>Vzpom\u00edn\u00e1m na dobu, kdy\u017e na\u0161e dcery byly mal\u00e9. Od \u0161kolky a\u017e po z\u00e1kladku jsme v\u0161echny jejich narozeniny slavily na zahrad\u011b. Docela se div\u00edm, \u017ee d\u011btsk\u00fd domek, kter\u00fd tam stoj\u00ed,&nbsp; tyhle akce v\u016fbec vydr\u017eel.&nbsp; Do dnes d\u011bkuji m\u00e9mu tch\u00e1novi, kter\u00fd dome\u010dek postavil. Byl to od n\u011bj \u00fa\u017easn\u00fd n\u00e1pad. V\u0161echny d\u011bti ten domek milovaly. Oslav\u011b p\u0159edch\u00e1zela v\u017edy&#8230;<\/p>\n<p><a class=\"more-link\" href=\"https:\/\/www.marzicake.cz\/?p=3276\">\u010cti d\u00e1l<\/a><\/p>\n","protected":false},"author":1,"featured_media":224556,"comment_status":"open","ping_status":"open","sticky":false,"template":"","format":"standard","meta":{"wprm-recipe-roundup-name":"","wprm-recipe-roundup-description":"","_mi_skip_tracking":false,"_genesis_hide_title":false,"_genesis_hide_breadcrumbs":false,"_genesis_hide_singular_image":false,"_genesis_custom_body_class":"","_genesis_custom_post_class":"","_genesis_layout":""},"categories":[400],"tags":[],"_links":{"self":[{"href":"https:\/\/www.marzicake.cz\/index.php?rest_route=\/wp\/v2\/posts\/3276"}],"collection":[{"href":"https:\/\/www.marzicake.cz\/index.php?rest_route=\/wp\/v2\/posts"}],"about":[{"href":"https:\/\/www.marzicake.cz\/index.php?rest_route=\/wp\/v2\/types\/post"}],"author":[{"embeddable":true,"href":"https:\/\/www.marzicake.cz\/index.php?rest_route=\/wp\/v2\/users\/1"}],"replies":[{"embeddable":true,"href":"https:\/\/www.marzicake.cz\/index.php?rest_route=%2Fwp%2Fv2%2Fcomments&post=3276"}],"version-history":[{"count":5,"href":"https:\/\/www.marzicake.cz\/index.php?rest_route=\/wp\/v2\/posts\/3276\/revisions"}],"predecessor-version":[{"id":224555,"href":"https:\/\/www.marzicake.cz\/index.php?rest_route=\/wp\/v2\/posts\/3276\/revisions\/224555"}],"wp:featuredmedia":[{"embeddable":true,"href":"https:\/\/www.marzicake.cz\/index.php?rest_route=\/wp\/v2\/media\/224556"}],"wp:attachment":[{"href":"https:\/\/www.marzicake.cz\/index.php?rest_route=%2Fwp%2Fv2%2Fmedia&parent=3276"}],"wp:term":[{"taxonomy":"category","embeddable":true,"href":"https:\/\/www.marzicake.cz\/index.php?rest_route=%2Fwp%2Fv2%2Fcategories&post=3276"},{"taxonomy":"post_tag","embeddable":true,"href":"https:\/\/www.marzicake.cz\/index.php?rest_route=%2Fwp%2Fv2%2Ftags&post=3276"}],"curies":[{"name":"wp","href":"https:\/\/api.w.org\/{rel}","templated":true}]}}