{"id":2806,"date":"2016-12-18T21:43:11","date_gmt":"2016-12-18T20:43:11","guid":{"rendered":"http:\/\/www.marzicake.cz\/?p=2806"},"modified":"2019-10-19T11:14:25","modified_gmt":"2019-10-19T09:14:25","slug":"zastavme-se-a-obdarovavejme","status":"publish","type":"post","link":"https:\/\/www.marzicake.cz\/?p=2806","title":{"rendered":"Zastavme se a obdarov\u00e1vejme"},"content":{"rendered":"<p style=\"text-align: justify;\"><a href=\"http:\/\/www.marzicake.cz\/wp-content\/uploads\/2016\/12\/Dopisy-2logo.jpg\"><img decoding=\"async\" loading=\"lazy\" class=\"size-medium wp-image-2800 alignleft\" src=\"http:\/\/www.marzicake.cz\/wp-content\/uploads\/2016\/12\/Dopisy-2logo-225x300.jpg\" alt=\"dopisy-2logo\" width=\"225\" height=\"300\" srcset=\"https:\/\/www.marzicake.cz\/wp-content\/uploads\/2016\/12\/Dopisy-2logo-225x300.jpg 225w, https:\/\/www.marzicake.cz\/wp-content\/uploads\/2016\/12\/Dopisy-2logo.jpg 720w\" sizes=\"(max-width: 225px) 100vw, 225px\" \/><\/a>\u010c\u00edm jsem star\u0161\u00ed, t\u00edm v\u00edce si v\u00e1\u017e\u00edm ka\u017ed\u00fdch v\u00e1no\u010dn\u00edch sv\u00e1tk\u016f pro\u017eit\u00fdch s&nbsp;rodinou a se v\u0161emi kolem sebe. Proto se sna\u017e\u00edm ve\u0161ker\u00e9 p\u0159\u00edpravy zvl\u00e1dnout ne v&nbsp;b\u011bhu, ale u\u017e\u00edvat si ka\u017ed\u00fd den. I p\u0159esto si nech\u00e1m dostatek \u010dasu na to, abych ho mohla v\u011bnovat v\u0161em kolem sebe a tak\u00e9 sob\u011b. \u010clov\u011bk by se m\u011bl um\u011bt zastavit, p\u0159em\u00fd\u0161let a s&nbsp;pokorou vychutn\u00e1vat ty nejkr\u00e1sn\u011bj\u0161\u00ed dny v&nbsp;roce. Miluji nejen ticho a jen tak pozorovat p\u0159\u00edrodu, ale i ten shon v&nbsp;ulic\u00edch a nap\u0159\u00edklad i atmosf\u00e9ru Starom\u011bstsk\u00e9ho n\u00e1m\u011bst\u00ed. V\u0161echno m\u00e1 sv\u00e9 kouzlo. Naslouch\u00e1m v\u0161em kolem sebe a pak je m\u00e9 nakupov\u00e1n\u00ed d\u00e1re\u010dk\u016f jednodu\u0161\u0161\u00ed, rychlej\u0161\u00ed a v&nbsp;p\u0159edstihu. &nbsp;Kdy\u017e byly dcery mal\u00e9, d\u011blala jsem v\u0161e v&nbsp;b\u011bhu, ale dnes si to mohu u\u017e\u00edvat a vychutn\u00e1vat si ka\u017edou chvilku, proto\u017ee cel\u00e9 v\u00edkendy mohu v\u011bnovat p\u0159\u00edprav\u00e1m\u2026 \ud83d\ude42<\/p>\n<p>&nbsp;<\/p>\n<p style=\"text-align: justify;\">Dal\u0161\u00edm bonusem V\u00e1noc je radost t\u011bch, kter\u00e9 mohu obdarov\u00e1vat. Mus\u00edm p\u0159iznat, \u017ee obdarov\u00e1v\u00e1n\u00ed mi jde v&nbsp;posledn\u00edch letech asi n\u011bjak v\u00edc. Nejkr\u00e1sn\u011bj\u0161\u00ed je ten pocit, kdy\u017e ten druh\u00fd obdarov\u00e1n\u00ed v\u016fbec ne\u010dek\u00e1. Ta pozitivn\u00ed emoce druh\u00e9ho \u010dlov\u011bka mi dod\u00e1v\u00e1 spousty energie do dal\u0161\u00edch dn\u016f. Proto obdarov\u00e1v\u00e1m nejen ty nejbli\u017e\u0161\u00ed, ale i p\u0159\u00e1tele a kolegy v&nbsp;advok\u00e1tn\u00ed kancel\u00e1\u0159i. Pern\u00ed\u010dky, vaje\u010d\u0148\u00e1k, cukrov\u00ed, marcip\u00e1nov\u00e9 d\u00e1rky a hlavn\u011b z\u00e1jem o \u010dlov\u011bka sam\u00e9ho. Nikdy prost\u011b nev\u00edm, kdy mohu n\u00e1v\u0161t\u011bvou, pov\u00edd\u00e1n\u00edm si, t\u0159eba i n\u011bkoho pot\u011b\u0161it nebo povzbudit.<\/p>\n<p style=\"text-align: justify;\"><a href=\"http:\/\/www.marzicake.cz\/wp-content\/uploads\/2016\/12\/Dopis-detaillogo.jpg\"><img decoding=\"async\" loading=\"lazy\" class=\"size-medium wp-image-2796 alignleft\" src=\"http:\/\/www.marzicake.cz\/wp-content\/uploads\/2016\/12\/Dopis-detaillogo-225x300.jpg\" alt=\"dopis-detaillogo\" width=\"225\" height=\"300\" srcset=\"https:\/\/www.marzicake.cz\/wp-content\/uploads\/2016\/12\/Dopis-detaillogo-225x300.jpg 225w, https:\/\/www.marzicake.cz\/wp-content\/uploads\/2016\/12\/Dopis-detaillogo.jpg 720w\" sizes=\"(max-width: 225px) 100vw, 225px\" \/><\/a>D\u0159\u00edve jsem milovala i pos\u00edl\u00e1n\u00ed v\u00e1no\u010dn\u00edch pohled\u016f. Dlouh\u00e9 vyb\u00edr\u00e1n\u00ed komu jak\u00fd a pak jsem vym\u00fd\u0161lela text. Pro ka\u017ed\u00e9ho byl jin\u00fd. Dnes je to sice rychlej\u0161\u00ed. Okop\u00edrujete jeden text a roze\u0161lete SMS t\u0159eba stovce lidem. Ale to kouzlo tomu chyb\u00ed. A to m\u011b pr\u00e1v\u011b letos inspirovalo i na internetu. A tak m\u00e9 pe\u010den\u00ed jedn\u00e9 v\u00e1rky lineck\u00e9ho je v&nbsp;podob\u011b dopisn\u00edch ob\u00e1lek pro v\u0161echny, kter\u00e9 m\u00e1m r\u00e1da\u2026. Uvnit\u0159 m\u016f\u017eete s&nbsp;l\u00e1skou schovat to, co m\u00e1te r\u00e1di. O\u0159echovou, tvarohovou, jablkovou n\u00e1pl\u0148. J\u00e1 tentokr\u00e1t pou\u017eila m\u016fj obl\u00edben\u00fd d\u017eem. Zape\u010detila vlo\u010dkou z&nbsp;marcip\u00e1nu a ob\u00e1lky putovaly mezi m\u00e9 kamar\u00e1dy a kolegy.&nbsp; Tak\u017ee nezapom\u00ednejte na ty kolem v\u00e1s, ale i na ty, kte\u0159\u00ed u\u017e nejsou mezi n\u00e1mi. A mile \u0161okujte\u2026 \ud83d\ude42 Jako t\u0159eba m\u011b ned\u00e1vno jedna m\u00e1 zn\u00e1m\u00e1. P\u0159ivezla mi \u0161tiku\u2026 \ud83d\ude42 No, jen\u017ee tento blog je jen sladk\u00fd\u2026 \ud83d\ude42 Tak\u017ee jak jsem s&nbsp;n\u00ed nalo\u017eila je v\u00e1no\u010dn\u00edm tajemstv\u00edm\u2026 \ud83d\ude42 \ud83d\ude42<\/p>\n<p style=\"text-align: justify;\"><a href=\"http:\/\/www.marzicake.cz\/wp-content\/uploads\/2016\/12\/Dopisy-2logo.jpg\"><img decoding=\"async\" loading=\"lazy\" class=\"alignnone  wp-image-2800\" src=\"http:\/\/www.marzicake.cz\/wp-content\/uploads\/2016\/12\/Dopisy-2logo-225x300.jpg\" alt=\"dopisy-2logo\" width=\"171\" height=\"228\" srcset=\"https:\/\/www.marzicake.cz\/wp-content\/uploads\/2016\/12\/Dopisy-2logo-225x300.jpg 225w, https:\/\/www.marzicake.cz\/wp-content\/uploads\/2016\/12\/Dopisy-2logo.jpg 720w\" sizes=\"(max-width: 171px) 100vw, 171px\" \/><\/a>&nbsp;<a href=\"http:\/\/www.marzicake.cz\/wp-content\/uploads\/2016\/12\/Dopisy-3logo.jpg\"><img decoding=\"async\" loading=\"lazy\" class=\"alignnone  wp-image-2799\" src=\"http:\/\/www.marzicake.cz\/wp-content\/uploads\/2016\/12\/Dopisy-3logo-300x225.jpg\" alt=\"dopisy-3logo\" width=\"303\" height=\"227\" srcset=\"https:\/\/www.marzicake.cz\/wp-content\/uploads\/2016\/12\/Dopisy-3logo-300x225.jpg 300w, https:\/\/www.marzicake.cz\/wp-content\/uploads\/2016\/12\/Dopisy-3logo-768x575.jpg 768w, https:\/\/www.marzicake.cz\/wp-content\/uploads\/2016\/12\/Dopisy-3logo.jpg 960w\" sizes=\"(max-width: 303px) 100vw, 303px\" \/><\/a><\/p>\n<p style=\"text-align: justify;\">A d\u00e1re\u010dky pro d\u011bti&#8230; \ud83d\ude42<\/p>\n<p><a href=\"http:\/\/www.marzicake.cz\/wp-content\/uploads\/2016\/12\/Sn\u011bhul\u00e1cilogo.jpg\"><img decoding=\"async\" loading=\"lazy\" class=\"alignnone wp-image-2792\" src=\"http:\/\/www.marzicake.cz\/wp-content\/uploads\/2016\/12\/Sn\u011bhul\u00e1cilogo-253x300.jpg\" alt=\"snehulacilogo\" width=\"190\" height=\"225\" srcset=\"https:\/\/www.marzicake.cz\/wp-content\/uploads\/2016\/12\/Sn\u011bhul\u00e1cilogo-253x300.jpg 253w, https:\/\/www.marzicake.cz\/wp-content\/uploads\/2016\/12\/Sn\u011bhul\u00e1cilogo.jpg 719w\" sizes=\"(max-width: 190px) 100vw, 190px\" \/><\/a>&nbsp;<a href=\"http:\/\/www.marzicake.cz\/wp-content\/uploads\/2016\/12\/2-sn\u011bhul\u00e1cilogo.jpg\"><img decoding=\"async\" loading=\"lazy\" class=\"alignnone size-medium wp-image-2793\" src=\"http:\/\/www.marzicake.cz\/wp-content\/uploads\/2016\/12\/2-sn\u011bhul\u00e1cilogo-300x225.jpg\" alt=\"2-snehulacilogo\" width=\"300\" height=\"225\" srcset=\"https:\/\/www.marzicake.cz\/wp-content\/uploads\/2016\/12\/2-sn\u011bhul\u00e1cilogo-300x225.jpg 300w, https:\/\/www.marzicake.cz\/wp-content\/uploads\/2016\/12\/2-sn\u011bhul\u00e1cilogo-768x575.jpg 768w, https:\/\/www.marzicake.cz\/wp-content\/uploads\/2016\/12\/2-sn\u011bhul\u00e1cilogo.jpg 960w\" sizes=\"(max-width: 300px) 100vw, 300px\" \/><\/a><\/p>\n<p>&nbsp;<\/p>\n<p>&nbsp;<\/p>\n","protected":false},"excerpt":{"rendered":"<p>\u010c\u00edm jsem star\u0161\u00ed, t\u00edm v\u00edce si v\u00e1\u017e\u00edm ka\u017ed\u00fdch v\u00e1no\u010dn\u00edch sv\u00e1tk\u016f pro\u017eit\u00fdch s&nbsp;rodinou a se v\u0161emi kolem sebe. Proto se sna\u017e\u00edm ve\u0161ker\u00e9 p\u0159\u00edpravy zvl\u00e1dnout ne v&nbsp;b\u011bhu, ale u\u017e\u00edvat si ka\u017ed\u00fd den. I p\u0159esto si nech\u00e1m dostatek \u010dasu na to, abych ho mohla v\u011bnovat v\u0161em kolem sebe a tak\u00e9 sob\u011b. \u010clov\u011bk by se m\u011bl um\u011bt zastavit, p\u0159em\u00fd\u0161let&#8230;<\/p>\n<p><a class=\"more-link\" href=\"https:\/\/www.marzicake.cz\/?p=2806\">\u010cti d\u00e1l<\/a><\/p>\n","protected":false},"author":1,"featured_media":224539,"comment_status":"open","ping_status":"open","sticky":false,"template":"","format":"standard","meta":{"wprm-recipe-roundup-name":"","wprm-recipe-roundup-description":"","_mi_skip_tracking":false,"_genesis_hide_title":false,"_genesis_hide_breadcrumbs":false,"_genesis_hide_singular_image":false,"_genesis_custom_body_class":"","_genesis_custom_post_class":"","_genesis_layout":""},"categories":[400],"tags":[],"_links":{"self":[{"href":"https:\/\/www.marzicake.cz\/index.php?rest_route=\/wp\/v2\/posts\/2806"}],"collection":[{"href":"https:\/\/www.marzicake.cz\/index.php?rest_route=\/wp\/v2\/posts"}],"about":[{"href":"https:\/\/www.marzicake.cz\/index.php?rest_route=\/wp\/v2\/types\/post"}],"author":[{"embeddable":true,"href":"https:\/\/www.marzicake.cz\/index.php?rest_route=\/wp\/v2\/users\/1"}],"replies":[{"embeddable":true,"href":"https:\/\/www.marzicake.cz\/index.php?rest_route=%2Fwp%2Fv2%2Fcomments&post=2806"}],"version-history":[{"count":4,"href":"https:\/\/www.marzicake.cz\/index.php?rest_route=\/wp\/v2\/posts\/2806\/revisions"}],"predecessor-version":[{"id":224543,"href":"https:\/\/www.marzicake.cz\/index.php?rest_route=\/wp\/v2\/posts\/2806\/revisions\/224543"}],"wp:featuredmedia":[{"embeddable":true,"href":"https:\/\/www.marzicake.cz\/index.php?rest_route=\/wp\/v2\/media\/224539"}],"wp:attachment":[{"href":"https:\/\/www.marzicake.cz\/index.php?rest_route=%2Fwp%2Fv2%2Fmedia&parent=2806"}],"wp:term":[{"taxonomy":"category","embeddable":true,"href":"https:\/\/www.marzicake.cz\/index.php?rest_route=%2Fwp%2Fv2%2Fcategories&post=2806"},{"taxonomy":"post_tag","embeddable":true,"href":"https:\/\/www.marzicake.cz\/index.php?rest_route=%2Fwp%2Fv2%2Ftags&post=2806"}],"curies":[{"name":"wp","href":"https:\/\/api.w.org\/{rel}","templated":true}]}}