{"id":252661,"date":"2022-10-26T17:43:42","date_gmt":"2022-10-26T15:43:42","guid":{"rendered":"https:\/\/www.marzicake.cz\/?p=252661"},"modified":"2022-10-27T06:39:05","modified_gmt":"2022-10-27T04:39:05","slug":"nekdy-je-potreba-zpomalit","status":"publish","type":"post","link":"https:\/\/www.marzicake.cz\/?p=252661","title":{"rendered":"N\u011bkdy je pot\u0159eba zpomalit&#8230;"},"content":{"rendered":"\n<p>A j\u00e1 to te\u010f za\u010d\u00edn\u00e1m realizovat. Pro\u010d? Je to jednoduch\u00e9. Nen\u00ed mi dvacet a kdy\u017e posledn\u00edch 12 let vst\u00e1v\u00e1te r\u00e1no po \u010dtvrt\u00e9 hodin\u011b, tr\u00e1v\u00edte celkov\u011b 4 hodiny v buse, pracujete cel\u00fd den a nakonec dojedete dom\u016f p\u0159ed p\u016fl osmou ve\u010der, m\u00e1te pocit, \u017ee ne\u017eijete, ale jen p\u0159e\u017e\u00edv\u00e1te. V\u00edkend je pro v\u00e1s m\u00e1lo. Proto\u017ee tam je va\u0161e druh\u00e1 sm\u011bna. To v\u0161e v\u00e1s nakonec dovede a\u017e na onkologii. A kdy\u017e to nen\u00ed jen jednou, ale dvakr\u00e1t, mus\u00edte ud\u011blat zm\u011bnu. Pochop\u00edte, \u017ee najednou nemus\u00edte b\u00fdt v\u0161ude stoprocentn\u00ed. Medaile se za to nerozd\u00e1vaj\u00ed a pocit? Ten v\u00e1m v\u011bt\u0161inou p\u0159ekaz\u00ed ti, co si toho stejn\u011b nev\u00e1\u017e\u00ed. A pro\u010d? Nejsou nastaveni jako vy, naopak. Opustit tenhle rozjet\u00fd vlak, nen\u00ed jen tak. Kdo to zn\u00e1, ur\u010dit\u011b v\u00ed, o \u010dem te\u010f p\u00ed\u0161u. Nejd\u0159\u00edv m\u00e1te strach, proto\u017ee za\u010d\u00ednat n\u011bkde po pades\u00e1tce, nen\u00ed zrovna to, na co by se \u010dlov\u011bk t\u011b\u0161il. To rozhodnut\u00ed je t\u011b\u017ek\u00e9. Ale nakonec jsem \u0161\u0165astn\u00e1, \u017ee jsem tu s\u00edlu na\u0161la. Pova\u017euji to za jedno z m\u00fdch nejlep\u0161\u00edch rozhodnut\u00ed v \u017eivot\u011b. Okolnosti, kter\u00e9 se pak d\u011bly, v\u0161e urychlily. Toxick\u00e9 prost\u0159ed\u00ed a odchod z Prahy nakonec p\u0159inesl \u00falevu. <\/p>\n\n\n\n<p>Te\u010f je mi n\u00e1dhern\u011b. Pr\u00e1ci m\u00e1m pomalu &#8220;za rohem&#8221;, d\u011bl\u00e1m co m\u011b bav\u00ed a kolem sebe skv\u011bl\u00fd kolektiv lid\u00ed. Trouf\u00e1m si napsat, \u017ee to posledn\u00ed je n\u011bco, co bych ani v tom nejdivo\u010dej\u0161\u00edm snu ne\u010dekala. Proto\u017ee vztahy jsou toti\u017e v dne\u0161n\u00ed dob\u011b opravdu n\u00e1ro\u010dn\u00e9 t\u00e9ma&#8230; Vst\u00e1vat m\u016f\u017eu klidn\u011b a\u017e na 7 a m\u00e1m i n\u011bjak\u00fd podve\u010der a ve\u010der, kter\u00fd mohu tr\u00e1vit s rodinou a t\u011bmi kter\u00e9 miluji. <\/p>\n\n\n\n<p>M\u00e1m i v\u00edc \u010dasu na sv\u00e9 kon\u00ed\u010dky a pe\u010den\u00ed. Jen\u017ee cel\u00fd ten p\u016fl roku jsem se tak n\u011bjak adaptovala na ten &#8220;nov\u00fd \u017eivot&#8221;. Proto jsem tak\u00e9 polevila i s blogem. Pot\u0159ebuji prost\u011b jen na\u010derpat s\u00edlu a novou inspiraci, abych mohla inspirovat i v\u00e1s, kte\u0159\u00ed na m\u016fj blog chod\u00edte a bav\u00ed v\u00e1s pe\u010den\u00ed stejn\u011b tak jako m\u011b. <\/p>\n\n\n\n<p>P\u00ed\u0161ete mi, co je se mnou a zda m\u00e1m n\u011bjak\u00e9 nov\u00e9 recepty. Jsem r\u00e1da, \u017ee m\u00e1te starost i z\u00e1jem o m\u00e9 tvo\u0159en\u00ed. St\u00e1le pe\u010du, vym\u00fd\u0161l\u00edm nov\u00e9 v\u011bci a inspiruji se od ostatn\u00edch. Ob\u010das se zapoj\u00edm i do r\u016fzn\u00fdch projekt\u016f a sout\u011b\u017e\u00ed, ale v\u0161e chci d\u011blat ve v\u011bt\u0161\u00edm poklidu. Nechci se za v\u0161\u00edm honit jak bl\u00e1zen. \u010c\u00edsla sledovanosti soci\u00e1ln\u00edch s\u00edt\u00ed mi prost\u011b neposkytuj\u00ed takov\u00e9 \u017eivotn\u00ed uspokojen\u00ed jako n\u011bkter\u00fdm ostatn\u00edm a chci si hlavn\u011b u\u017e\u00edvat p\u0159\u00edtomnosti. Blog jede d\u00e1l. N\u011bkdy to bude pomaleji, jindy mo\u017en\u00e1 zrychl\u00edm, ale v\u017edy to bude tak, aby to vyhovovalo p\u0159edev\u0161\u00edm m\u011b a ne n\u011bjak\u00fdm \u017eeb\u0159\u00ed\u010dk\u016fm popularity. Mo\u017en\u00e1 v tom nebude ani pravidelnost a tak se pros\u00edm nezlobte. D\u011bkuji, \u017ee m\u011b sledujete a snad jsem v\u00e1m n\u011bkdy i inspirac\u00ed. Pou\u017eila jsem fotku z p\u0159ehled\u016f na Instagramu. V\u0161e je toti\u017e v\u011bt\u0161inou jin\u00e9 ne\u017e to vypad\u00e1. V porovn\u00e1n\u00ed s lajky je to a\u017e \u00fasm\u011bvn\u00e9&#8230; Proto ne\u0159e\u0161te sledovanost. \u017divot m\u00e1 \u010dlov\u011bk jen jeden a ten s lajky nem\u00e1 nic spole\u010dn\u00e9ho. <\/p>\n","protected":false},"excerpt":{"rendered":"<p>A j\u00e1 to te\u010f za\u010d\u00edn\u00e1m realizovat. Pro\u010d? Je to jednoduch\u00e9. Nen\u00ed mi dvacet a kdy\u017e posledn\u00edch 12 let vst\u00e1v\u00e1te r\u00e1no po \u010dtvrt\u00e9 hodin\u011b, tr\u00e1v\u00edte celkov\u011b 4 hodiny v buse, pracujete cel\u00fd den a nakonec dojedete dom\u016f p\u0159ed p\u016fl osmou ve\u010der, m\u00e1te pocit, \u017ee ne\u017eijete, ale jen p\u0159e\u017e\u00edv\u00e1te. V\u00edkend je pro v\u00e1s m\u00e1lo. Proto\u017ee tam je&#8230;<\/p>\n<p><a class=\"more-link\" href=\"https:\/\/www.marzicake.cz\/?p=252661\">\u010cti d\u00e1l<\/a><\/p>\n","protected":false},"author":1,"featured_media":252690,"comment_status":"open","ping_status":"open","sticky":false,"template":"","format":"standard","meta":{"wprm-recipe-roundup-name":"","wprm-recipe-roundup-description":"","_mi_skip_tracking":false,"_genesis_hide_title":false,"_genesis_hide_breadcrumbs":false,"_genesis_hide_singular_image":false,"_genesis_custom_body_class":"","_genesis_custom_post_class":"","_genesis_layout":""},"categories":[400],"tags":[],"_links":{"self":[{"href":"https:\/\/www.marzicake.cz\/index.php?rest_route=\/wp\/v2\/posts\/252661"}],"collection":[{"href":"https:\/\/www.marzicake.cz\/index.php?rest_route=\/wp\/v2\/posts"}],"about":[{"href":"https:\/\/www.marzicake.cz\/index.php?rest_route=\/wp\/v2\/types\/post"}],"author":[{"embeddable":true,"href":"https:\/\/www.marzicake.cz\/index.php?rest_route=\/wp\/v2\/users\/1"}],"replies":[{"embeddable":true,"href":"https:\/\/www.marzicake.cz\/index.php?rest_route=%2Fwp%2Fv2%2Fcomments&post=252661"}],"version-history":[{"count":5,"href":"https:\/\/www.marzicake.cz\/index.php?rest_route=\/wp\/v2\/posts\/252661\/revisions"}],"predecessor-version":[{"id":252702,"href":"https:\/\/www.marzicake.cz\/index.php?rest_route=\/wp\/v2\/posts\/252661\/revisions\/252702"}],"wp:featuredmedia":[{"embeddable":true,"href":"https:\/\/www.marzicake.cz\/index.php?rest_route=\/wp\/v2\/media\/252690"}],"wp:attachment":[{"href":"https:\/\/www.marzicake.cz\/index.php?rest_route=%2Fwp%2Fv2%2Fmedia&parent=252661"}],"wp:term":[{"taxonomy":"category","embeddable":true,"href":"https:\/\/www.marzicake.cz\/index.php?rest_route=%2Fwp%2Fv2%2Fcategories&post=252661"},{"taxonomy":"post_tag","embeddable":true,"href":"https:\/\/www.marzicake.cz\/index.php?rest_route=%2Fwp%2Fv2%2Ftags&post=252661"}],"curies":[{"name":"wp","href":"https:\/\/api.w.org\/{rel}","templated":true}]}}