{"id":239619,"date":"2021-06-26T21:32:54","date_gmt":"2021-06-26T19:32:54","guid":{"rendered":"http:\/\/www.marzicake.cz\/?p=239619"},"modified":"2021-06-26T21:36:42","modified_gmt":"2021-06-26T19:36:42","slug":"v-kuchyni-jsem-ve-flow","status":"publish","type":"post","link":"https:\/\/www.marzicake.cz\/?p=239619","title":{"rendered":"V kuchyni jsem ve flow"},"content":{"rendered":"\n<p>V\u0161ichni, co sledujete nejen  blog, ale i Instagram, jste ur\u010dit\u011b zaznamenali, \u017ee od listopadu proch\u00e1zel cel\u00fd n\u00e1\u0161 d\u016fm rekonstrukc\u00ed. Na\u0161t\u011bst\u00ed m\u011bs\u00edc \u010derven mohu zvolat: &#8220;Vnit\u0159ek jsme zvl\u00e1dli!!!&#8221;. Opravdu si mus\u00edm poklepat na rameno, proto\u017ee snad nikdy jsem nespala na zemi a to 4 m\u011bs\u00edce a ne\u017eila bez koupelny a dal\u0161\u00edch m\u011b tak samoz\u0159ejm\u00fdch v\u011bc\u00ed. A\u017e, kdy\u017e \u010dlov\u011bk nem\u00e1 vodu, elektriku a sp\u00ed na zemi, uv\u011bdom\u00ed si, jak moc bere komfortn\u00ed \u017eit\u00ed jako samoz\u0159ejmost. Asi nejv\u00edc n\u00e1ro\u010dn\u00e9 dny byly ty bez kuchyn\u011b. V ten okam\u017eik jsem snad v\u00edc ne\u017e kdy jindy c\u00edtila, jak moc je pro m\u011b tahle m\u00edstnost d\u016fle\u017eit\u00e1. 20 m2 je vlastn\u011b centrem ve\u0161ker\u00e9ho d\u011bn\u00ed na\u0161\u00ed rodiny a tak v\u011b\u0159te, \u017ee mi pohled na n\u00ed, jako na staveni\u0161t\u011b, ned\u011blal moc dob\u0159e. Proto jsem v\u0161e urychlovala vlastn\u00ed pomoc\u00ed.<\/p>\n\n\n\n<p>A tak jsem r\u00e1da, \u017ee je v\u0161e za n\u00e1mi. V\u0161echny m\u00edstnosti jsou nov\u00e9 a kr\u00e1sn\u00e9 a j\u00e1 se zas mohu pln\u011b soust\u0159edit na to, co je m\u00fdm velk\u00fdm relaxem. Va\u0159en\u00ed, pe\u010den\u00ed, focen\u00ed a psan\u00ed na tento blog. Ten jsem te\u010f trochu zanedb\u00e1vala a vym\u011bnila ho za \u0161krab\u00e1n\u00ed zd\u00ed a koordinov\u00e1n\u00ed cel\u00e9 stavby, kter\u00e1 v pat\u0159e a venku kolem domu sice je\u0161t\u011b pokra\u010duje, ale to u\u017e nenaru\u0161uje na\u0161e bydlen\u00ed a \u017eivot. Proto hned jak jsem kuchy\u0148 uklidila, pustila se do pe\u010den\u00ed a zkou\u0161en\u00ed nov\u00fdch recept\u016f.<\/p>\n\n\n\n<p>V kuchyni mi \u010das ub\u00edh\u00e1 tak rychle, \u017ee vlastn\u011b ani nest\u00edh\u00e1m to, co bych v\u0161echno cht\u011bla d\u011blat. Jako bych nevn\u00edmala nic kolem a \u017eila p\u0159\u00edtomn\u00fdm okam\u017eikem, t\u00edm co v danou chv\u00edli d\u011bl\u00e1m. Ano, tohle je ta chv\u00edle, kterou definuje slov\u00ed\u010dko &#8220;flow&#8221;. Kr\u00e1sn\u011b si odpo\u010dinu od v\u0161ech starost\u00ed a najednou m\u00e1m pocit, jak je mi hezky. Nejsem cukr\u00e1\u0159 a ani nev\u00edm, zda bych se cukra\u0159in\u011b cht\u011bla v\u011bnovat naplno. V\u00edm jen, \u017ee v na\u0161\u00ed kuchyni jsem ve flow a je mi dob\u0159e. <\/p>\n\n\n\n<p>Jako prvn\u00ed jsem se po del\u0161\u00ed dob\u011b pustila do trubi\u010dkov\u00e9ho dortu. Tentokr\u00e1t jsem vyu\u017eila trubi\u010dky z b\u00edl\u00e9 \u010dokol\u00e1dy. J\u00e1 tyhle rychl\u00e9 dorty miluji. Jsou efektn\u00ed a \u010dlov\u011bk nad nimi nemus\u00ed a\u017e tak moc p\u0159em\u00fd\u0161let, proto\u017ee \u010dokol\u00e1dov\u00e9 trubi\u010dky ud\u011blaj\u00ed polovinu efektu za m\u011b. A to u\u017e ani nep\u00ed\u0161u o tom, jak moc jsou dobr\u00e9. Ten kdo miluje b\u00edlou \u010dokol\u00e1du, ur\u010dit\u011b nez\u016fstane u jednoho kousku.<\/p>\n\n\n\n<p>A proto\u017ee je l\u00e9to v pln\u00e9m proudu, budu si p\u0159\u00e1t, aby nebylo a\u017e tak moc hork\u00e9. To, aby se n\u00e1m, co milujeme pe\u010den\u00ed, l\u00e9pe v kuchyni tvo\u0159ilo. <\/p>\n\n\n\n<p><\/p>\n","protected":false},"excerpt":{"rendered":"<p>V\u0161ichni, co sledujete nejen blog, ale i Instagram, jste ur\u010dit\u011b zaznamenali, \u017ee od listopadu proch\u00e1zel cel\u00fd n\u00e1\u0161 d\u016fm rekonstrukc\u00ed. Na\u0161t\u011bst\u00ed m\u011bs\u00edc \u010derven mohu zvolat: &#8220;Vnit\u0159ek jsme zvl\u00e1dli!!!&#8221;. Opravdu si mus\u00edm poklepat na rameno, proto\u017ee snad nikdy jsem nespala na zemi a to 4 m\u011bs\u00edce a ne\u017eila bez koupelny a dal\u0161\u00edch m\u011b tak samoz\u0159ejm\u00fdch v\u011bc\u00ed. A\u017e,&#8230;<\/p>\n<p><a class=\"more-link\" href=\"https:\/\/www.marzicake.cz\/?p=239619\">\u010cti d\u00e1l<\/a><\/p>\n","protected":false},"author":1,"featured_media":240768,"comment_status":"open","ping_status":"open","sticky":false,"template":"","format":"standard","meta":{"wprm-recipe-roundup-name":"","wprm-recipe-roundup-description":"","_mi_skip_tracking":false,"_genesis_hide_title":false,"_genesis_hide_breadcrumbs":false,"_genesis_hide_singular_image":false,"_genesis_custom_body_class":"","_genesis_custom_post_class":"","_genesis_layout":""},"categories":[400],"tags":[],"_links":{"self":[{"href":"https:\/\/www.marzicake.cz\/index.php?rest_route=\/wp\/v2\/posts\/239619"}],"collection":[{"href":"https:\/\/www.marzicake.cz\/index.php?rest_route=\/wp\/v2\/posts"}],"about":[{"href":"https:\/\/www.marzicake.cz\/index.php?rest_route=\/wp\/v2\/types\/post"}],"author":[{"embeddable":true,"href":"https:\/\/www.marzicake.cz\/index.php?rest_route=\/wp\/v2\/users\/1"}],"replies":[{"embeddable":true,"href":"https:\/\/www.marzicake.cz\/index.php?rest_route=%2Fwp%2Fv2%2Fcomments&post=239619"}],"version-history":[{"count":6,"href":"https:\/\/www.marzicake.cz\/index.php?rest_route=\/wp\/v2\/posts\/239619\/revisions"}],"predecessor-version":[{"id":240771,"href":"https:\/\/www.marzicake.cz\/index.php?rest_route=\/wp\/v2\/posts\/239619\/revisions\/240771"}],"wp:featuredmedia":[{"embeddable":true,"href":"https:\/\/www.marzicake.cz\/index.php?rest_route=\/wp\/v2\/media\/240768"}],"wp:attachment":[{"href":"https:\/\/www.marzicake.cz\/index.php?rest_route=%2Fwp%2Fv2%2Fmedia&parent=239619"}],"wp:term":[{"taxonomy":"category","embeddable":true,"href":"https:\/\/www.marzicake.cz\/index.php?rest_route=%2Fwp%2Fv2%2Fcategories&post=239619"},{"taxonomy":"post_tag","embeddable":true,"href":"https:\/\/www.marzicake.cz\/index.php?rest_route=%2Fwp%2Fv2%2Ftags&post=239619"}],"curies":[{"name":"wp","href":"https:\/\/api.w.org\/{rel}","templated":true}]}}