{"id":237255,"date":"2021-02-20T19:26:27","date_gmt":"2021-02-20T18:26:27","guid":{"rendered":"http:\/\/www.marzicake.cz\/?p=237255"},"modified":"2021-02-23T18:21:04","modified_gmt":"2021-02-23T17:21:04","slug":"food-blog-food-instagram","status":"publish","type":"post","link":"https:\/\/www.marzicake.cz\/?p=237255","title":{"rendered":"Food blog &#8211; food instagram a sledovanost"},"content":{"rendered":"\n<p>P\u0159\u00edsp\u011bvek, kter\u00fd jste te\u010f za\u010dali \u010d\u00edst, jsem p\u0159ipravovala postupn\u011b a del\u0161\u00ed dobu. Dalo by se i napsat, \u017ee celou dobu od zalo\u017een\u00ed blogu. D\u016fvodem je pr\u016fzkum, kter\u00fd jsem si ohledn\u011b blog\u016f zam\u011b\u0159uj\u00edc\u00edch se na j\u00eddlo a food profil\u016f na Instagramu, d\u011blala jen tak pro sebe. P\u0159\u00edsp\u011bvek berte tedy pros\u00edm, jako m\u016fj \u00fahel pohledu, kter\u00fd pramen\u00ed z vlastn\u00edho pozn\u00e1n\u00ed zalo\u017een\u00e9ho na pozorov\u00e1n\u00ed n\u011bkter\u00fdch profil\u016f.<\/p>\n\n\n\n<p>Nev\u00edm, zda k tomu p\u0159isp\u011bla m\u00e1 zv\u00eddavost, kterou jsem od d\u011btstv\u00ed obdarov\u00e1na \u010di impulzy a kontaktov\u00e1n\u00ed od n\u011bkter\u00fdch lid\u00ed zam\u011b\u0159uj\u00edc\u00edch se na zvy\u0161ov\u00e1n\u00ed sledovanosti a nebo takov\u00e1 ta &#8220;l\u00e1ska k pe\u010den\u00ed a va\u0159en\u00ed&#8221;.<\/p>\n\n\n\n<p>Blog jsem zakl\u00e1dala z d\u016fvodu soust\u0159ed\u011bn\u00ed ov\u011b\u0159en\u00fdch recept\u016f na jednom m\u00edst\u011b, kde si jej mohou naj\u00edt nejen m\u00e9 dcery, ale i kamar\u00e1di a lid\u00e9 z m\u00e9ho okol\u00ed. Nebavilo m\u011b toti\u017e neust\u00e1l\u00e9 diktov\u00e1n\u00ed recept\u016f po telefonu. Se zalo\u017een\u00edm profilu na Instagramu, se n\u00e1sledn\u011b i psan\u00ed na blog se postupn\u011b dost\u00e1valo do zcela jin\u00e9ho sm\u011bru. <\/p>\n\n\n\n<p>Za\u010dala jsem sledovat zaj\u00edmav\u00e9 profily nejen v \u010cech\u00e1ch, ale i ze zahrani\u010d\u00ed. N\u011bkter\u00e9 jsou mi do dnes velkou inspirac\u00ed a klan\u00edm se jejich tv\u016frc\u016fm. Z jejich p\u0159\u00edsp\u011bvk\u016f a tvo\u0159en\u00ed mi jde \u010dasto a\u017e mr\u00e1z po z\u00e1dech. Z ka\u017ed\u00e9ho p\u0159\u00edsp\u011bvku je c\u00edtit l\u00e1ska ke kucha\u0159sk\u00e9mu, peka\u0159sk\u00e9mu nebo cukr\u00e1\u0159sk\u00e9mu oboru. Opravdu se jim klan\u00edm a d\u011bkuji jim za sm\u011br, kter\u00fd ud\u00e1vaj\u00ed v t\u011bchto oborech i pro n\u00e1s v \u010cech\u00e1ch. I u n\u00e1s je mnoho zaj\u00edmav\u00fdch lid\u00ed, kte\u0159\u00ed d\u00edky sv\u00e9 vytrval\u00e9 pr\u00e1ci, n\u011bkdy a\u017e posedlosti j\u00eddlem, m\u011b inspiruj\u00ed ka\u017ed\u00fdm dnem. <\/p>\n\n\n\n<p>Tito lid\u00e9 maj\u00ed i statis\u00edce sledovan\u00fdch, jin\u00ed vyd\u00e1vaj\u00ed knihy, vystupuj\u00ed v m\u00e9di\u00edch a jejich blogy a profily pro\u0161ly neuv\u011b\u0159iteln\u00fdm v\u00fdvojem. Je z n\u011bj c\u00edtit dlouhodob\u00e1 p\u00edle, kter\u00e1 je posunuje s ka\u017ed\u00fdm p\u0159\u00edsp\u011bvkem o kousek d\u00e1l. Moc jim fand\u00edm, proto\u017ee odvedli v \u010desk\u00e9 gastronomii velk\u00fd kus pr\u00e1ce a pr\u00e1v\u011b i d\u00edky nim se tento obor posunuje vp\u0159ed a zp\u016fsobuje tak velk\u00e9 &#8220;bum&#8221;, kter\u00e9 by v minulosti jen m\u00e1lokdo kolem j\u00eddla \u010dekal. M\u00e1 babi\u010dka by se popadala za b\u0159icho a sm\u00e1la se jak bl\u00e1zen, kdyby vid\u011bla kolik lid\u00ed fot\u00ed sv\u00e9 j\u00eddlo a chlub\u00ed se nap\u0159\u00edklad bramborovou ka\u0161\u00ed, nebo b\u00e1bovkou a \u0161tr\u016fdlem. Ta doba se opravdu zm\u011bnila a to velmi.<\/p>\n\n\n\n<p>Vedle food prof\u00edk\u016f, jsem ale tak\u00e9 sledovala profily osob, kter\u00e9 za\u010d\u00ednali v \u010cech\u00e1ch stejn\u011b jako j\u00e1 z nuly a p\u0159\u00edsp\u011bvkem po p\u0159\u00edsp\u011bvku se posunovali pomalu vp\u0159ed. N\u011bkte\u0159\u00ed rychleji ne\u017e j\u00e1, jin\u00ed pomaleji. V\u0161ichni dle sv\u00fdch mo\u017enost\u00ed a schopnost\u00ed. \u010cas od \u010dasu jsem si tedy d\u011blala statistiku a zapisovala si u des\u00edtek profil\u016f \u010d\u00edsla, po\u010dty p\u0159\u00edsp\u011bvk\u016f a dal\u0161\u00ed r\u016fzn\u00e9 informace, abych mohla d\u00edky tomu objektivn\u011b zhodnotit i svou pr\u00e1ci. Fotila jsem si jejich \u010d\u00edsla sledovanosti na Instagramu, ale posledn\u00ed 2 a\u017e 3 roky m\u00e1m najednou pocit, \u017ee se d\u011bje n\u011bco, co nen\u00ed zcela v po\u0159\u00e1dku&#8230;a tak si pokl\u00e1d\u00e1m p\u00e1r ot\u00e1zek&#8230;<\/p>\n\n\n\n<p><strong>Jak z\u00edskat sledovanost na Instagramu? Jak na blogu? Jak tyto \u010d\u00edsla zv\u00fd\u0161it? O kolik je mohu zv\u00fd\u0161it za t\u00fdden, m\u011bs\u00edc, rok? Dok\u00e1\u017ee \u010dlov\u011bk d\u00edky vylep\u0161en\u00fdm a kvalitn\u011bj\u0161\u00edm p\u0159\u00edsp\u011bvk\u016fm z\u00edskat a\u017e n\u011bkolik tis\u00edc sledovan\u00fdch nap\u0159\u00edklad za 2 m\u011bs\u00edce?<\/strong> <strong>A to i kdy\u017e nen\u00ed medi\u00e1ln\u011b zn\u00e1mou osobnost\u00ed?<\/strong><\/p>\n\n\n\n<p>Netu\u0161ila jsem, jak moc mi m\u00e9 statistiky a prvotn\u00ed zv\u00eddavost otev\u0159ela obzory. Nebudu te\u010f hodnotit profily lid\u00ed, kte\u0159\u00ed pro\u0161li televizn\u00edmi sout\u011b\u017eemi a po\u0159ady, kde se z nich stali z m\u011bs\u00edce na m\u011bs\u00edc zn\u00e1m\u00e9 tv\u00e1\u0159e. Proto\u017ee v dob\u011b, kdy je nikdo neznal, tak je na Instagramu sledovalo 200 &#8211; 500 lid\u00ed. Televize je tak posunula do statis\u00edcov\u00fdch \u010d\u00edsel. To je ale zcela logick\u00e9. Pou\u017eiji takov\u00e9 mal\u00e9 p\u0159irovn\u00e1n\u00ed. &#8220;Ne\u0161li po schodech, ale jeli v\u00fdtahem.&#8221; Oba zp\u016fsoby cesty vzh\u016fru jsou f\u00e9r a tak jim jen m\u016f\u017eeme pogratulovat, \u017ee pat\u0159\u00ed mezi p\u00e1r vyvolen\u00fdch, kte\u0159\u00ed te\u010f \u010d\u00edsla \u0159e\u0161it nemus\u00ed. Maj\u00ed kolem sebe d\u00edky televizi t\u00fdm lid\u00ed, kter\u00fd jim i nad\u00e1le pom\u00e1h\u00e1 se posunovat rychleji vp\u0159ed.<\/p>\n\n\n\n<p><strong>R\u00e1da bych se ale dnes zam\u011b\u0159ila na ty, kte\u0159\u00ed nepat\u0159\u00ed mezi televizn\u00ed tv\u00e1\u0159e a nejsou medi\u00e1ln\u011b zn\u00e1m\u00ed. <\/strong>V dob\u011b, kdy jsem m\u011bla na Instagramu necel\u00fdch 3000 sleduj\u00edc\u00edch, m\u011bli n\u011bkte\u0159\u00ed 400 a jejich p\u0159\u00edsp\u011bvky se l\u00edbily 15 lidem. Tak to fungovalo i 2 roky a \u010d\u00edsla byla stejn\u00e1. Jak je tedy mo\u017en\u00e9, \u017ee ze dne na den se jejich \u010d\u00edsla za\u010dala zvedat, kdy\u017e \u017e\u00e1dn\u00e9 velk\u00e9 zlep\u0161en\u00ed jejich profily ani blogy nevykazovaly? Neust\u00e1l\u00fdm ozna\u010dov\u00e1n\u00edm n\u011bkoho medi\u00e1ln\u011b zn\u00e1m\u00e9ho, nebo n\u011bkoho, kdo m\u00e1 tis\u00edce sledovan\u00fdch je mo\u017en\u00e1 tak\u00e9 jedna z cest, ale nezajist\u00ed v\u00e1m tak rychl\u00fd posun. P\u0159edev\u0161\u00edm v dob\u011b, kdy v\u011bt\u0161ina lid\u00ed tzv.\u0161mejd\u00ed, ale nic nelajkuje? (To je ale na dal\u0161\u00ed jin\u00fd p\u0159\u00edsp\u011bvek ze statistik.) U n\u011bkter\u00fdch profil\u016f jsem zaznamenala n\u00e1r\u016fst ne o stovky, ale tis\u00edce, p\u0159esto, \u017ee jejich p\u0159\u00edsp\u011bvky se j\u00eddla mnohdy ani net\u00fdkaly a nebo del\u0161\u00ed dobu nebyl ani jejich profil aktivn\u00ed. <strong>Jestli\u017ee nep\u0159id\u00e1m za 3 t\u00fddny i d\u00e9le p\u0159\u00edsp\u011bvek, jak je mo\u017en\u00e9, \u017ee z\u00edsk\u00e1m ze dne na den 400 sleduj\u00edc\u00edch? To tolik lid\u00ed zaj\u00edm\u00e1, \u017ee vlastn\u011b nic moc ned\u011bl\u00e1m?<\/strong><\/p>\n\n\n\n<p>A pak m\u011b b\u011bhem jednoho m\u011bs\u00edce napsalo p\u00e1r nezn\u00e1m\u00fdch lid\u00ed. N\u011bco jako, \u017ee bych si mohla zv\u00fd\u0161it sledovanost d\u00edky profil\u016fm, kter\u00e9 se d\u00e1vaj\u00ed dohromady a t\u00edm se vz\u00e1jemn\u011b um\u011ble propojuj\u00ed a sleduj\u00ed. B\u011bhem jednoho dne se d\u00e1 takto z\u00edskat i stovky sleduj\u00edc\u00edch. Odepsala jsem, \u017ee nech\u00e1pu pro\u010d bych j\u00e1 m\u011bla sledovat n\u011bco, co m\u011b nezaj\u00edm\u00e1 a nebav\u00ed, jen proto, aby m\u011b tak\u00e9 jen tak n\u011bkdo sledoval? V\u0161echny ty n\u00e1vrhy jsem odm\u00edtala. Jen\u017ee profily, kter\u00e9 jsou pod mou lupou asi nab\u00eddky p\u0159ijaly. A tak je na Instagramu sleduje tis\u00edce lid\u00ed, ale v z\u00e1v\u011bru jsou to tzv. &#8220;mrtv\u00e9 du\u0161e&#8221;. Pro\u010d n\u011bkdo tolik pot\u0159ebuje vysok\u00e1 \u010d\u00edsla sledovanosti? Chce vyd\u00e1vat knihu a vydavatelstv\u00ed by ne\u0161lo do spolupr\u00e1ce s n\u011bk\u00fdm, koho nikdo nesleduje? Mo\u017en\u00e1 proto, aby doty\u010dn\u00e1 osoba vypadala zaj\u00edmav\u011b pro barterovou spolupr\u00e1ci?  Nebo, aby p\u016fsobila na firmy jako n\u011bkdo, o koho je z\u00e1jem?  Tito lid\u00e9, ale &#8220;nejedou v\u00fdtahem, ani nejdou po schodech. Zaplat\u00ed si cestu vrtuln\u00edkem, ale ostatn\u00edm p\u0159edv\u00e1d\u00ed lap\u00e1n\u00ed po dechu z toho, jak po schodech b\u011b\u017eeli.&#8221; Jen\u017ee netu\u0161ili, \u017ee je n\u011bkdo pozoruje a jejich cestu dokumentuje.<\/p>\n\n\n\n<p>Zat\u00edm nebudu tyto profily zve\u0159ej\u0148ovat, ale d\u00e1le pozorovat. Zaj\u00edm\u00e1 m\u011b toti\u017e, kam a\u017e se je \u010dlov\u011bk schopen dostat podvodem, jen proto, aby z\u00edskal n\u011bjak\u00fd barter. My \u010ce\u0161i si nejen dok\u00e1\u017eeme ud\u011blat legraci snad ze v\u0161eho, jsme pom\u011brn\u011b schopn\u00ed lid\u00e9, ale ve v\u0161em um\u00edme naj\u00edt i skulinky, jak z\u00edskat n\u011bco s minim\u00e1ln\u00ed d\u0159inou. Jako pr\u00e1vn\u00edk jsem se domn\u00edvala, \u017ee u\u017e m\u011b m\u00e1lo co p\u0159ekvap\u00ed, ale ejhle. Zas se n\u011bco na\u0161lo&#8230;<\/p>\n\n\n\n<p>Moje pravidlo je, \u017ee c\u00edlem nen\u00ed jen ten v\u00fdsledek &#8211; v tomto p\u0159\u00edpad\u011b tis\u00edce sledovan\u00fdch podvodem, ale c\u00edlem je i cesta. Pocit z cesty je to, co m\u011b  uspokojuje. Osobn\u011b se domn\u00edv\u00e1m, \u017ee karma se podv\u00e9st ned\u00e1. A tak sm\u011ble do dal\u0161\u00edho pozorov\u00e1n\u00ed, va\u0159en\u00ed a pe\u010den\u00ed. A vy, co se sna\u017e\u00edte zkr\u00e1tit si cestu, ob\u010das se zastavte a prohl\u00e9dn\u011bte, co tvo\u0159\u00edte. Proto\u017ee honba za snadn\u00fdm v\u00fdd\u011blkem d\u00edky Instagramu, m\u016f\u017ee trochu zakr\u00fdvat l\u00e1sku k va\u0159en\u00ed a pe\u010den\u00ed. A v\u011b\u0159te, \u017ee je to na n\u011bkter\u00fdch profilech hodn\u011b vid\u011bt.<\/p>\n\n\n\n<p>A s t\u00edm souvis\u00ed dal\u0161\u00ed ot\u00e1zka. <strong>Pro\u010d food profily obsahuj\u00ed p\u0159\u00edsp\u011bvky, kde se propaguj\u00ed hra\u010dky, zbo\u017e\u00ed pro d\u011bti, drogerie, ubytovac\u00ed za\u0159\u00edzen\u00ed, fotografie v plavk\u00e1ch u baz\u00e9nu a podobn\u00e9? Pochopila bych to mo\u017en\u00e1 v instastories, ale co m\u00e1 oble\u010den\u00ed pro d\u011bti spole\u010dn\u00e9ho s j\u00eddlem?<\/strong> Takov\u00e9 profily dle m\u00e9ho nejsou jen o j\u00eddle,<strong> ale o \u017eivot\u011b<\/strong> a tak mo\u017en\u00e1 pat\u0159\u00ed do jin\u00fdch kategori\u00ed. <\/p>\n\n\n\n<p>Douf\u00e1m, \u017ee jsem v\u00e1s, kte\u0159\u00ed &#8220;jdete po schodech vzh\u016fru&#8221; a pracujete na sob\u011b, neodradila. Va\u0159te, pe\u010dte, fo\u0165te a v\u011b\u0159te, \u017ee ka\u017ed\u00fdm p\u0159\u00edsp\u011bvkem se zlep\u0161ujete a to je to, co by m\u011blo b\u00fdt c\u00edlem. D\u011blejte v\u0161echno a na nic si nenaj\u00edmejte nikoho. Jedin\u011b tak se budete ve v\u0161em postupn\u011b zlep\u0161ovat. I kdyby v\u00e1\u0161 p\u0159\u00edsp\u011bvek inspiroval jen jednoho jedin\u00e9ho sledovatele, je to skv\u011bl\u00e9 a t\u011b\u017ete se z toho. Pro m\u011b je ka\u017ed\u00fd m\u016fj p\u0159\u00edsp\u011bvek dar i pro m\u011b. Jsem \u0161\u0165astn\u00e1, \u017ee jsem m\u011bla tu p\u0159\u00edle\u017eitost jej vytvo\u0159it a v\u00e1\u017e\u00edm si ka\u017ed\u00e9ho takov\u00e9ho dne, kdy se mi n\u011bco nejen v kuchyni povede a mohu b\u00fdt d\u00edky sv\u00e9mu kon\u00ed\u010dku ve flow. A jak \u0159\u00edk\u00e1 velk\u00e1 \u010d\u00e1st kou\u010d\u016f &#8220;sna\u017e\u00edm se b\u00fdt tou nejlep\u0161\u00ed verz\u00ed sama sebe.&#8221;<\/p>\n\n\n\n<figure class=\"wp-block-image\"><img decoding=\"async\" loading=\"lazy\" width=\"853\" height=\"1024\" src=\"http:\/\/www.marzicake.cz\/wp-content\/uploads\/2021\/02\/2-3-853x1024.jpg\" alt=\"\" class=\"wp-image-237447\" srcset=\"https:\/\/www.marzicake.cz\/wp-content\/uploads\/2021\/02\/2-3-853x1024.jpg 853w, https:\/\/www.marzicake.cz\/wp-content\/uploads\/2021\/02\/2-3-250x300.jpg 250w, https:\/\/www.marzicake.cz\/wp-content\/uploads\/2021\/02\/2-3-768x922.jpg 768w, https:\/\/www.marzicake.cz\/wp-content\/uploads\/2021\/02\/2-3-800x960.jpg 800w, https:\/\/www.marzicake.cz\/wp-content\/uploads\/2021\/02\/2-3-600x720.jpg 600w, https:\/\/www.marzicake.cz\/wp-content\/uploads\/2021\/02\/2-3.jpg 1536w\" sizes=\"(max-width: 853px) 100vw, 853px\" \/><\/figure>\n\n\n\n<p><\/p>\n","protected":false},"excerpt":{"rendered":"<p>P\u0159\u00edsp\u011bvek, kter\u00fd jste te\u010f za\u010dali \u010d\u00edst, jsem p\u0159ipravovala postupn\u011b a del\u0161\u00ed dobu. Dalo by se i napsat, \u017ee celou dobu od zalo\u017een\u00ed blogu. D\u016fvodem je pr\u016fzkum, kter\u00fd jsem si ohledn\u011b blog\u016f zam\u011b\u0159uj\u00edc\u00edch se na j\u00eddlo a food profil\u016f na Instagramu, d\u011blala jen tak pro sebe. P\u0159\u00edsp\u011bvek berte tedy pros\u00edm, jako m\u016fj \u00fahel pohledu, kter\u00fd pramen\u00ed&#8230;<\/p>\n<p><a class=\"more-link\" href=\"https:\/\/www.marzicake.cz\/?p=237255\">\u010cti d\u00e1l<\/a><\/p>\n","protected":false},"author":1,"featured_media":237443,"comment_status":"open","ping_status":"open","sticky":false,"template":"","format":"standard","meta":{"wprm-recipe-roundup-name":"","wprm-recipe-roundup-description":"","_mi_skip_tracking":false,"_genesis_hide_title":false,"_genesis_hide_breadcrumbs":false,"_genesis_hide_singular_image":false,"_genesis_custom_body_class":"","_genesis_custom_post_class":"","_genesis_layout":""},"categories":[400],"tags":[],"_links":{"self":[{"href":"https:\/\/www.marzicake.cz\/index.php?rest_route=\/wp\/v2\/posts\/237255"}],"collection":[{"href":"https:\/\/www.marzicake.cz\/index.php?rest_route=\/wp\/v2\/posts"}],"about":[{"href":"https:\/\/www.marzicake.cz\/index.php?rest_route=\/wp\/v2\/types\/post"}],"author":[{"embeddable":true,"href":"https:\/\/www.marzicake.cz\/index.php?rest_route=\/wp\/v2\/users\/1"}],"replies":[{"embeddable":true,"href":"https:\/\/www.marzicake.cz\/index.php?rest_route=%2Fwp%2Fv2%2Fcomments&post=237255"}],"version-history":[{"count":10,"href":"https:\/\/www.marzicake.cz\/index.php?rest_route=\/wp\/v2\/posts\/237255\/revisions"}],"predecessor-version":[{"id":237689,"href":"https:\/\/www.marzicake.cz\/index.php?rest_route=\/wp\/v2\/posts\/237255\/revisions\/237689"}],"wp:featuredmedia":[{"embeddable":true,"href":"https:\/\/www.marzicake.cz\/index.php?rest_route=\/wp\/v2\/media\/237443"}],"wp:attachment":[{"href":"https:\/\/www.marzicake.cz\/index.php?rest_route=%2Fwp%2Fv2%2Fmedia&parent=237255"}],"wp:term":[{"taxonomy":"category","embeddable":true,"href":"https:\/\/www.marzicake.cz\/index.php?rest_route=%2Fwp%2Fv2%2Fcategories&post=237255"},{"taxonomy":"post_tag","embeddable":true,"href":"https:\/\/www.marzicake.cz\/index.php?rest_route=%2Fwp%2Fv2%2Ftags&post=237255"}],"curies":[{"name":"wp","href":"https:\/\/api.w.org\/{rel}","templated":true}]}}