{"id":229144,"date":"2020-04-10T20:15:24","date_gmt":"2020-04-10T18:15:24","guid":{"rendered":"http:\/\/www.marzicake.cz\/?p=229144"},"modified":"2020-04-10T20:28:42","modified_gmt":"2020-04-10T18:28:42","slug":"velikonoce-2020-s-rouskou","status":"publish","type":"post","link":"https:\/\/www.marzicake.cz\/?p=229144","title":{"rendered":"Velikonoce 2020 s rou\u0161kou"},"content":{"rendered":"\n<p>Leto\u0161n\u00ed Velikonoce si budeme v\u0161ichni pamatovat ur\u010dit\u011b hodn\u011b dlouho. \u0160\u00ed\u0159en\u00ed n\u00e1kazy nov\u00fdm koronavirem covid &#8211; 19, ovlivnilo \u017eivoty n\u00e1s v\u0161ech a tak\u00e9 leto\u0161n\u00ed sv\u00e1te\u010dn\u00ed \u010das. Tak mimo\u0159\u00e1dnou situaci nikdo z n\u00e1s neza\u017eil a ne\u010dekal ani v tom nejbujn\u011bj\u0161\u00edm snu. <\/p>\n\n\n\n<p>Kdy\u017e jsem p\u0159ed t\u0159emi lety potk\u00e1vala v ulic\u00edch Prahy turisty z \u010c\u00edny v rou\u0161k\u00e1ch, domn\u00edvala jsem se, \u017ee jejich imunitn\u00ed syst\u00e9m nen\u00ed moc siln\u00fd a asi se boj\u00ed, aby se od n\u00e1s n\u011b\u010d\u00edm nenakazili.  Vysok\u00e9 letn\u00ed teploty a oni rou\u0161ky na obli\u010deji. Moc jsem to nech\u00e1pala. <\/p>\n\n\n\n<p>Uplynuly t\u0159i roky a je to tady a z \u010c\u00edny. \u0160ijeme rou\u0161ky (\u00fastenky), bez kter\u00fdch nem\u016f\u017eeme vych\u00e1zet z na\u0161ich domov\u016f.  Nouzov\u00fd stav a karant\u00e9nn\u00ed opat\u0159en\u00ed.  Online bohoslu\u017eby o sv\u00e1tc\u00edch a modlitby zam\u011b\u0159uj\u00edc\u00ed se na v\u0161echny v prvn\u00ed linii. T\u011bm pat\u0159\u00ed pod\u011bkov\u00e1n\u00ed.  <\/p>\n\n\n\n<p>Po roce l\u00e9\u010dby jsem se chystala zp\u011bt do pr\u00e1ce a nakonec jsem op\u011bt doma. Pracuji home office a tak\u00e9 sama na sob\u011b d\u00e1l tak, jak tomu bylo cel\u00fd p\u0159edch\u00e1zej\u00edc\u00ed rok. Nehrout\u00edm se, proto\u017ee jsem za p\u0159edch\u00e1zej\u00edc\u00ed rok zvykl\u00e1 b\u00fdt jen doma a pro m\u011b se tak nic moc nezm\u011bnilo. Jedin\u00e9, co mi chyb\u00ed je setk\u00e1v\u00e1n\u00ed se s t\u011bmi nejbli\u017e\u0161\u00edmi. <\/p>\n\n\n\n<p>P\u0159esto, \u017ee \u017e\u00e1dnou n\u00e1v\u0161t\u011bvu ne\u010dek\u00e1me, na velikono\u010dn\u00ed v\u00fdzdobu jsem si chvilku na\u0161la. Stejn\u00e9 je to i s pe\u010den\u00edm. Dokud bude dro\u017ed\u00ed, pe\u010du housti\u010dky a nebo vyu\u017eiji stejn\u00e9 t\u011bsto na ber\u00e1nka trochu jinak. Ber\u00e1nek a mazanec prost\u011b nesm\u00ed chyb\u011bt. Jedin\u00e9, co jsem letos vypustila, byly velikono\u010dn\u00ed pern\u00ed\u010dky. Ty jsem v\u017edy zdobila jako mal\u00e9 d\u00e1re\u010dky pro v\u0161echny kolem sebe. Letos rozd\u00e1v\u00e1n\u00ed nebylo mo\u017en\u00e9. Tak snad p\u0159\u00ed\u0161t\u011b. A jestli je\u0161t\u011b nem\u00e1te ber\u00e1nka, tak m\u016f\u017eete zkusit <a href=\"https:\/\/www.marzicake.cz\/?p=229149\">recept z marzicake<\/a> , nebo ber\u00e1nka <a href=\"https:\/\/www.marzicake.cz\/?p=228893\">trochu jinak<\/a>.<\/p>\n\n\n\n<p>Poklidn\u00e9 a pohodov\u00e9 Velikonoce pro\u017eijte ve zdrav\u00ed. <\/p>\n\n\n\n<figure class=\"wp-block-image\"><img decoding=\"async\" loading=\"lazy\" width=\"720\" height=\"960\" src=\"http:\/\/www.marzicake.cz\/wp-content\/uploads\/2020\/04\/Velikonoce-2020-mobil-1.jpg\" alt=\"\" class=\"wp-image-229156\" srcset=\"https:\/\/www.marzicake.cz\/wp-content\/uploads\/2020\/04\/Velikonoce-2020-mobil-1.jpg 720w, https:\/\/www.marzicake.cz\/wp-content\/uploads\/2020\/04\/Velikonoce-2020-mobil-1-225x300.jpg 225w, https:\/\/www.marzicake.cz\/wp-content\/uploads\/2020\/04\/Velikonoce-2020-mobil-1-600x800.jpg 600w\" sizes=\"(max-width: 720px) 100vw, 720px\" \/><\/figure>\n\n\n\n<figure class=\"wp-block-image\"><img decoding=\"async\" loading=\"lazy\" width=\"1024\" height=\"768\" src=\"http:\/\/www.marzicake.cz\/wp-content\/uploads\/2020\/04\/92136807_205015484277440_5401121331217432576_n-1024x768.jpg\" alt=\"\" class=\"wp-image-229071\" srcset=\"https:\/\/www.marzicake.cz\/wp-content\/uploads\/2020\/04\/92136807_205015484277440_5401121331217432576_n-1024x768.jpg 1024w, https:\/\/www.marzicake.cz\/wp-content\/uploads\/2020\/04\/92136807_205015484277440_5401121331217432576_n-300x225.jpg 300w, https:\/\/www.marzicake.cz\/wp-content\/uploads\/2020\/04\/92136807_205015484277440_5401121331217432576_n-768x576.jpg 768w, https:\/\/www.marzicake.cz\/wp-content\/uploads\/2020\/04\/92136807_205015484277440_5401121331217432576_n-800x600.jpg 800w, https:\/\/www.marzicake.cz\/wp-content\/uploads\/2020\/04\/92136807_205015484277440_5401121331217432576_n-500x375.jpg 500w, https:\/\/www.marzicake.cz\/wp-content\/uploads\/2020\/04\/92136807_205015484277440_5401121331217432576_n-600x450.jpg 600w, https:\/\/www.marzicake.cz\/wp-content\/uploads\/2020\/04\/92136807_205015484277440_5401121331217432576_n.jpg 2048w\" sizes=\"(max-width: 1024px) 100vw, 1024px\" \/><\/figure>\n","protected":false},"excerpt":{"rendered":"<p>Leto\u0161n\u00ed Velikonoce si budeme v\u0161ichni pamatovat ur\u010dit\u011b hodn\u011b dlouho. \u0160\u00ed\u0159en\u00ed n\u00e1kazy nov\u00fdm koronavirem covid &#8211; 19, ovlivnilo \u017eivoty n\u00e1s v\u0161ech a tak\u00e9 leto\u0161n\u00ed sv\u00e1te\u010dn\u00ed \u010das. Tak mimo\u0159\u00e1dnou situaci nikdo z n\u00e1s neza\u017eil a ne\u010dekal ani v tom nejbujn\u011bj\u0161\u00edm snu. Kdy\u017e jsem p\u0159ed t\u0159emi lety potk\u00e1vala v ulic\u00edch Prahy turisty z \u010c\u00edny v rou\u0161k\u00e1ch, domn\u00edvala jsem&#8230;<\/p>\n<p><a class=\"more-link\" href=\"https:\/\/www.marzicake.cz\/?p=229144\">\u010cti d\u00e1l<\/a><\/p>\n","protected":false},"author":1,"featured_media":229156,"comment_status":"open","ping_status":"open","sticky":false,"template":"","format":"standard","meta":{"wprm-recipe-roundup-name":"","wprm-recipe-roundup-description":"","_mi_skip_tracking":false,"_genesis_hide_title":false,"_genesis_hide_breadcrumbs":false,"_genesis_hide_singular_image":false,"_genesis_custom_body_class":"","_genesis_custom_post_class":"","_genesis_layout":""},"categories":[400],"tags":[],"_links":{"self":[{"href":"https:\/\/www.marzicake.cz\/index.php?rest_route=\/wp\/v2\/posts\/229144"}],"collection":[{"href":"https:\/\/www.marzicake.cz\/index.php?rest_route=\/wp\/v2\/posts"}],"about":[{"href":"https:\/\/www.marzicake.cz\/index.php?rest_route=\/wp\/v2\/types\/post"}],"author":[{"embeddable":true,"href":"https:\/\/www.marzicake.cz\/index.php?rest_route=\/wp\/v2\/users\/1"}],"replies":[{"embeddable":true,"href":"https:\/\/www.marzicake.cz\/index.php?rest_route=%2Fwp%2Fv2%2Fcomments&post=229144"}],"version-history":[{"count":5,"href":"https:\/\/www.marzicake.cz\/index.php?rest_route=\/wp\/v2\/posts\/229144\/revisions"}],"predecessor-version":[{"id":229159,"href":"https:\/\/www.marzicake.cz\/index.php?rest_route=\/wp\/v2\/posts\/229144\/revisions\/229159"}],"wp:featuredmedia":[{"embeddable":true,"href":"https:\/\/www.marzicake.cz\/index.php?rest_route=\/wp\/v2\/media\/229156"}],"wp:attachment":[{"href":"https:\/\/www.marzicake.cz\/index.php?rest_route=%2Fwp%2Fv2%2Fmedia&parent=229144"}],"wp:term":[{"taxonomy":"category","embeddable":true,"href":"https:\/\/www.marzicake.cz\/index.php?rest_route=%2Fwp%2Fv2%2Fcategories&post=229144"},{"taxonomy":"post_tag","embeddable":true,"href":"https:\/\/www.marzicake.cz\/index.php?rest_route=%2Fwp%2Fv2%2Ftags&post=229144"}],"curies":[{"name":"wp","href":"https:\/\/api.w.org\/{rel}","templated":true}]}}