{"id":226939,"date":"2020-01-14T09:30:42","date_gmt":"2020-01-14T08:30:42","guid":{"rendered":"http:\/\/www.marzicake.cz\/?p=226939"},"modified":"2020-01-14T09:44:12","modified_gmt":"2020-01-14T08:44:12","slug":"deti-leci","status":"publish","type":"post","link":"https:\/\/www.marzicake.cz\/?p=226939","title":{"rendered":"D\u011bti l\u00e9\u010d\u00ed"},"content":{"rendered":"\n<p>Leden \u010dtrn\u00e1ct\u00e9ho mi z\u016fstane v pam\u011bti a\u017e do konce m\u00e9ho \u017eivota. Jedn\u00e1 se o datum, kdy jsem p\u0159ed dv\u011bma lety z\u00edskala zcela novou a pro m\u011b nezn\u00e1mou roli. Stala jsem se babi\u010dkou. Bylo to opravdu kr\u00e1sn\u00e9 a sou\u010dasn\u011b zvl\u00e1\u0161tn\u00ed. Do t\u00e9 doby jsem sv\u00e9 my\u0161lenky soust\u0159edila pouze na dcery. Najednou p\u0159ibyl n\u011bkdo, s k\u00fdm nejsem zas a\u017e tak \u010dasto, ale l\u00e1ska k n\u011bmu je stejn\u011b siln\u00e1 jako k vlastn\u00edm d\u011btem. <\/p>\n\n\n\n<p>P\u0159i pohledu do zrcadla si \u0159\u00edk\u00e1m, \u017ee to snad ani nen\u00ed mo\u017en\u00e9, J\u00e1 a babi\u010dka? P\u0159edstavila jsem si sv\u00e9 babi\u010dky a nec\u00edtila jsem se a\u017e tak star\u00e1. Ale v\u011bk u\u017e na to m\u00e1m. To ano. N\u011bkter\u00e9 m\u00e9 \u00favahy mi p\u0159ipadaj\u00ed k sm\u00edchu, proto\u017ee kdy\u017e roli babi\u010dky vykon\u00e1v\u00e1m jsem u toho stejn\u011b pra\u0161t\u011bn\u00e1, jako ten malej kluk, se kter\u00fdm si te\u010f hraju. Jeho o\u010di na m\u011b nad\u0161en\u011b koukaj\u00ed a \u010dekaj\u00ed, co j\u00e1, jeho babi\u010dka vymysl\u00edm. A j\u00e1 se samoz\u0159ejm\u011b pomalu p\u0159etrhnu, abych vymyslela n\u011bco, co by n\u00e1s mohlo bavit. Asi nejv\u011bt\u0161\u00ed z\u00e1bavou je te\u010f \u010das tr\u00e1ven\u00fd v kuchyni. Myt\u00ed a kr\u00e1jen\u00ed ovoce, v\u00e1len\u00ed t\u011bsta, pe\u010den\u00ed, m\u00edch\u00e1n\u00ed a va\u0159en\u00ed, to je opravdov\u00e1 z\u00e1bava. A \u017ee jsem to s dcerami ned\u011blala? No to je jasn\u00e9? M\u00e1lokter\u00e1 m\u00e1ma m\u00e1 ten \u010das, aby va\u0159ila se sv\u00fdm prckem v kuchyni s dvojn\u00e1sobn\u00fdm mno\u017estv\u00edm tr\u00e1ven\u00e9ho \u010dasu. K tomu jsme pr\u00e1v\u011b my babi\u010dky. A tak stejn\u011b jako ta moje, tak i j\u00e1 p\u0159ed\u00e1v\u00e1m v\u0161echny ty manu\u00e1ln\u011b zaj\u00edmav\u00e9 \u010dinnosti z kuchyn\u011b na sv\u00e9ho vnou\u010dka. Nejv\u011bt\u0161\u00ed radost\u00ed je ur\u010dit\u011b mix\u00e9r a robot. Ned\u011bl\u00e1m z n\u011bj kucha\u0159e, ale pouze mu ukazuji l\u00e1sku k tomu, co m\u011b t\u011b\u0161\u00ed. T\u0159eba i on bude na m\u011b jednou ve sv\u00e9 kuchyni vzpom\u00ednat, stejn\u011b jako j\u00e1 na svou babi\u010dku. A to ta moje m\u011bla v d\u016fchodov\u00e9m v\u011bku opravdu \u010das a dostatek energie. M\u016fj ro\u010dn\u00edk, kter\u00fd bude odch\u00e1zet do d\u016fchodu pomalu o deset let d\u00e9le, si hold mus\u00ed v\u00e1\u017eit ka\u017ed\u00e9ho okam\u017eiku s vnou\u010detem te\u010f a na d\u016fchod, kter\u00fd je daleko, nemyslet.<\/p>\n\n\n\n<p>U\u017e\u00edv\u00e1m si tedy  ka\u017edou chvilinku s n\u00edm a uv\u011bdomuji si, \u017ee ten kontakt m\u00e1 pro m\u011b l\u00e9\u010div\u00e9 \u00fa\u010dinky. Ano, d\u011bti l\u00e9\u010d\u00ed. A to mi v\u011b\u0159te, \u017ee to mysl\u00edm v\u00e1\u017en\u011b. Kdy\u017e jsem se po operaci prsu nec\u00edtila zrovna hej, byla pro m\u011b jeho p\u0159\u00edtomnost l\u00e9kem nade v\u0161echny. D\u011bti toti\u017e dok\u00e1\u017eou n\u00e1dhern\u011b p\u0159ed\u00e1vat l\u00e1sku a radost ze v\u0161eho kolem sebe. Jsou tak velmi siln\u00fdm l\u00e9kem na v\u011bt\u0161inu va\u0161ich tr\u00e1pen\u00ed a bol\u00edstek. <\/p>\n\n\n\n<p>A tak d\u011bkuji za ka\u017ed\u00fd den, kter\u00fd s n\u00edm mohu b\u00fdt a ty jedny z nejhez\u010d\u00edch jsou ur\u010dit\u011b v\u017edy oslavy narozenin. Nejsem a\u017e tak dobr\u00e1 v realizaci d\u011btsk\u00fdch dort\u016f, ale snad jsem i letos nezklamala. A kdyby n\u00e1hodou ano, tak jsem si to pojistila a po\u0159\u00eddila i dort jako skl\u00e1da\u010dku. No, prost\u011b my babi\u010dky si v\u017edycky um\u00edme poradit.<\/p>\n\n\n\n<ul class=\"is-layout-flex wp-block-gallery-1 wp-block-gallery columns-2 is-cropped\"><li class=\"blocks-gallery-item\"><figure><img decoding=\"async\" loading=\"lazy\" width=\"678\" height=\"1024\" src=\"http:\/\/www.marzicake.cz\/wp-content\/uploads\/2020\/01\/2-nikon-678x1024.jpg\" alt=\"\" data-id=\"226944\" data-link=\"http:\/\/www.marzicake.cz\/?attachment_id=226944\" class=\"wp-image-226944\" srcset=\"https:\/\/www.marzicake.cz\/wp-content\/uploads\/2020\/01\/2-nikon-678x1024.jpg 678w, https:\/\/www.marzicake.cz\/wp-content\/uploads\/2020\/01\/2-nikon-199x300.jpg 199w, https:\/\/www.marzicake.cz\/wp-content\/uploads\/2020\/01\/2-nikon-768x1160.jpg 768w, https:\/\/www.marzicake.cz\/wp-content\/uploads\/2020\/01\/2-nikon-800x1208.jpg 800w, https:\/\/www.marzicake.cz\/wp-content\/uploads\/2020\/01\/2-nikon-600x906.jpg 600w\" sizes=\"(max-width: 678px) 100vw, 678px\" \/><\/figure><\/li><li class=\"blocks-gallery-item\"><figure><img decoding=\"async\" loading=\"lazy\" width=\"623\" height=\"596\" src=\"http:\/\/www.marzicake.cz\/wp-content\/uploads\/2020\/01\/81886397_480195419572764_3332100267494604800_n-2.jpg\" alt=\"\" data-id=\"226958\" data-link=\"http:\/\/www.marzicake.cz\/?attachment_id=226958\" class=\"wp-image-226958\" srcset=\"https:\/\/www.marzicake.cz\/wp-content\/uploads\/2020\/01\/81886397_480195419572764_3332100267494604800_n-2.jpg 623w, https:\/\/www.marzicake.cz\/wp-content\/uploads\/2020\/01\/81886397_480195419572764_3332100267494604800_n-2-300x287.jpg 300w, https:\/\/www.marzicake.cz\/wp-content\/uploads\/2020\/01\/81886397_480195419572764_3332100267494604800_n-2-600x574.jpg 600w\" sizes=\"(max-width: 623px) 100vw, 623px\" \/><\/figure><\/li><\/ul>\n","protected":false},"excerpt":{"rendered":"<p>Leden \u010dtrn\u00e1ct\u00e9ho mi z\u016fstane v pam\u011bti a\u017e do konce m\u00e9ho \u017eivota. Jedn\u00e1 se o datum, kdy jsem p\u0159ed dv\u011bma lety z\u00edskala zcela novou a pro m\u011b nezn\u00e1mou roli. Stala jsem se babi\u010dkou. Bylo to opravdu kr\u00e1sn\u00e9 a sou\u010dasn\u011b zvl\u00e1\u0161tn\u00ed. Do t\u00e9 doby jsem sv\u00e9 my\u0161lenky soust\u0159edila pouze na dcery. Najednou p\u0159ibyl n\u011bkdo, s k\u00fdm nejsem&#8230;<\/p>\n<p><a class=\"more-link\" href=\"https:\/\/www.marzicake.cz\/?p=226939\">\u010cti d\u00e1l<\/a><\/p>\n","protected":false},"author":1,"featured_media":226944,"comment_status":"open","ping_status":"open","sticky":false,"template":"","format":"standard","meta":{"wprm-recipe-roundup-name":"","wprm-recipe-roundup-description":"","_mi_skip_tracking":false,"_genesis_hide_title":false,"_genesis_hide_breadcrumbs":false,"_genesis_hide_singular_image":false,"_genesis_custom_body_class":"","_genesis_custom_post_class":"","_genesis_layout":""},"categories":[400,1],"tags":[],"_links":{"self":[{"href":"https:\/\/www.marzicake.cz\/index.php?rest_route=\/wp\/v2\/posts\/226939"}],"collection":[{"href":"https:\/\/www.marzicake.cz\/index.php?rest_route=\/wp\/v2\/posts"}],"about":[{"href":"https:\/\/www.marzicake.cz\/index.php?rest_route=\/wp\/v2\/types\/post"}],"author":[{"embeddable":true,"href":"https:\/\/www.marzicake.cz\/index.php?rest_route=\/wp\/v2\/users\/1"}],"replies":[{"embeddable":true,"href":"https:\/\/www.marzicake.cz\/index.php?rest_route=%2Fwp%2Fv2%2Fcomments&post=226939"}],"version-history":[{"count":9,"href":"https:\/\/www.marzicake.cz\/index.php?rest_route=\/wp\/v2\/posts\/226939\/revisions"}],"predecessor-version":[{"id":226961,"href":"https:\/\/www.marzicake.cz\/index.php?rest_route=\/wp\/v2\/posts\/226939\/revisions\/226961"}],"wp:featuredmedia":[{"embeddable":true,"href":"https:\/\/www.marzicake.cz\/index.php?rest_route=\/wp\/v2\/media\/226944"}],"wp:attachment":[{"href":"https:\/\/www.marzicake.cz\/index.php?rest_route=%2Fwp%2Fv2%2Fmedia&parent=226939"}],"wp:term":[{"taxonomy":"category","embeddable":true,"href":"https:\/\/www.marzicake.cz\/index.php?rest_route=%2Fwp%2Fv2%2Fcategories&post=226939"},{"taxonomy":"post_tag","embeddable":true,"href":"https:\/\/www.marzicake.cz\/index.php?rest_route=%2Fwp%2Fv2%2Ftags&post=226939"}],"curies":[{"name":"wp","href":"https:\/\/api.w.org\/{rel}","templated":true}]}}