{"id":226497,"date":"2020-01-01T08:48:52","date_gmt":"2020-01-01T07:48:52","guid":{"rendered":"http:\/\/www.marzicake.cz\/?p=226497"},"modified":"2020-01-01T08:48:54","modified_gmt":"2020-01-01T07:48:54","slug":"zahajeni-roku-2020","status":"publish","type":"post","link":"https:\/\/www.marzicake.cz\/?p=226497","title":{"rendered":"Zah\u00e1jen\u00ed roku 2020"},"content":{"rendered":"\n<p>U\u017e ke konci roku 2019 jsem \u010dasto mluvila a psala o tom, \u017ee se na rok 2020 moc t\u011b\u0161\u00edm. Ani nev\u00edm pro\u010d, ale n\u011bjak jsem to tak c\u00edtila. A proto jsem velmi \u0161\u0165astn\u00e1, \u017ee dnes mohu napsat prvn\u00ed p\u0159\u00edsp\u011bvek tohoto roku. M\u00e9 obl\u00edben\u00e9 a \u010dasto i \u0161\u0165astn\u00e9 \u010d\u00edslo, byla v\u017edycky dvojka. V \u010d\u00edsle 2020 je tu dvakr\u00e1t, tak snad to alespo\u0148 malinko poc\u00edt\u00edm.  <\/p>\n\n\n\n<p>Lid\u00e9 si na po\u010d\u00e1tku ledna d\u00e1vaj\u00ed r\u016fzn\u00e1 p\u0159edsevzet\u00ed a maj\u00ed rozmanit\u00e1 p\u0159\u00e1n\u00ed. Uv\u011bdomila jsem si, \u017ee jsem vlastn\u011b \u0161\u0165astn\u00e1 a spokojen\u00e1 s t\u00edm, co m\u00e1m. V\u017edy jsem to tak m\u011bla, ale nemoc ten pocit posunula je\u0161t\u011b v\u00fd\u0161. Proto to, co bude p\u0159ich\u00e1zet, bude v\u017edy n\u011bco nav\u00edc. Takov\u00fd ten benefit k tomu, co pro\u017e\u00edv\u00e1m. Nen\u00ed to nic spojen\u00e9ho s v\u011bcmi, nebo pen\u011bzi. Je to jen takov\u00fd vnit\u0159n\u00ed pocit, kter\u00fd se mi s p\u0159ib\u00fdvaj\u00edc\u00edmi zku\u0161enostmi a v\u011bkem dostavil.<\/p>\n\n\n\n<p>\u010casto mi p\u00ed\u0161ete a pt\u00e1te se, kde beru s\u00edlu a po kom jsem zd\u011bdila tv\u016fr\u010d\u00ed schopnosti. Sama nev\u00edm. Je to n\u011bjak ve m\u011b. Beru v\u0161e jako odreagov\u00e1v\u00e1n\u00ed. Pr\u00e1ce rukou mi v\u017edy p\u0159in\u00e1\u0161ela n\u011bjak\u00e9 uspokojen\u00ed a pohodu. Pe\u010den\u00ed, va\u0159en\u00ed, malov\u00e1n\u00ed, ale i \u0161it\u00ed a r\u016fzn\u00e9 jin\u00e9 tvo\u0159en\u00ed p\u0159itahovalo mou pozornost od malinka. Nikdy jsem to v\u0161ak ned\u011blala na plno. V mal\u00e9 kuchyni u rodi\u010d\u016f to a\u017e tak nebylo mo\u017en\u00e9. Moj\u00ed mamce jsem se tam sp\u00ed\u0161e pletla. A tak v\u0161echno se za\u010dalo rozv\u00edjet a\u017e v dob\u011b, kdy jsem m\u011bla svou dom\u00e1cnost. Ka\u017ed\u00fdm uva\u0159en\u00fdm j\u00eddlem, upe\u010denou buchtou a u\u0161it\u00fdmi \u0161aty, jsem se posunovala dop\u0159edu. V pr\u016fb\u011bhu \u017eivota jsem to na sob\u011b nepozorovala. Za\u010dala jsem to vn\u00edmat a\u017e se zalo\u017een\u00edm blogu. Prohl\u00e9dla jsem si sv\u00e9 v\u00fdtvory p\u0159ed 10 lety a musela se sm\u00e1t. Bylo to opravdu nesrovnateln\u00e9. Kdy\u017e jsem v b\u0159eznu 2019 absolvovala operaci prsa, sladk\u00e1 kniha byla m\u016fj \u00fanik z reality. A pr\u00e1v\u011b d\u00edky letit\u00e9mu pe\u010den\u00ed, bylo ji\u017e mo\u017en\u00e9 na n\u00ed pracovat. Jsem proto moc \u0161\u0165astn\u00e1, \u017ee jsem m\u011bla mo\u017enost knihu dokon\u010dit. D\u011bkuji sv\u00e9 nemoci. A pr\u00e1v\u011b to je ten benefit nav\u00edc. <\/p>\n\n\n\n<p>Ka\u017ed\u00fd den se raduji z toho, kdy\u017e si knihu n\u011bkdo koup\u00ed. D\u016fvod je jasn\u00fd. V\u00fdt\u011b\u017eek poputuje do nadace Kapka nad\u011bje. Proto m\u011b trochu zamrzelo, kdy\u017e se ke m\u011b dostala informace, \u017ee jsou lid\u00e9, kte\u0159\u00ed si ofocuj\u00ed z knihy recepty. Obzvl\u00e1\u0161t\u011b je k zamy\u0161len\u00ed, d\u011blaj\u00ed-li to ti, co s knihami pracuj\u00ed nap\u0159\u00edklad v  knihovn\u011b&#8230; N\u011bkte\u0159\u00ed zas recepty upravuj\u00ed, malinko m\u011bn\u00ed, aby to p\u0159i um\u00edst\u011bn\u00ed na jejich blog vypadalo, \u017ee se nejedn\u00e1 o recept z m\u00e9 knihy. Mo\u017en\u00e1 m\u011b necht\u011bj\u00ed jen ozna\u010dovat, aby mi ned\u011blali reklamu. Nev\u00edm&#8230; Nejde p\u0159ece jen o recept na n\u011bjakou buchtu? Kniha m\u00e1 koncept, spoustu zaj\u00edmav\u00fdch fotografi\u00ed a p\u0159edev\u0161\u00edm posl\u00e1n\u00ed pomoci d\u011btsk\u00fdm onkologick\u00fdm pacient\u016fm. Ale k tomu mus\u00ed ka\u017ed\u00fd dozr\u00e1t.<\/p>\n\n\n\n<p>I j\u00e1 jsem letos podpo\u0159ila mnoho t\u011bch, kte\u0159\u00ed vydali sv\u00e9 knihy. (A to jejich v\u00fdt\u011b\u017eek nikomu nepom\u00e1h\u00e1.) Nejedn\u00e1 se jen o kucha\u0159e, ale i o spisovatele, kte\u0159\u00ed m\u011b n\u011b\u010d\u00edm zaujali. Fand\u00edm v\u0161em a moc jim gratuluji k vyd\u00e1n\u00ed knih, proto\u017ee &#8220;p\u0159ej a bude ti p\u0159\u00e1no&#8230;&#8221; V\u00edm podle sebe, \u017ee vydat knihu je pro n\u011bkter\u00e9 z nich cesta opravdu t\u011b\u017ek\u00e1 a dlouh\u00e1. Jsou knihy, kter\u00e9 \u010dtu i v\u00edcekr\u00e1t, jin\u00e9 si \u010dasto prohl\u00ed\u017e\u00edm. Prost\u011b jsem r\u00e1da, \u017ee je m\u00e1m a mohu se k nim kdykoliv vr\u00e1tit. M\u00e1 knihovna je ji\u017e pln\u00e1. Jen\u017ee kdy\u017e \u010dlov\u011bk knihy miluje, m\u00edsto se v\u017edycky najde. <\/p>\n\n\n\n<p>\u0158\u00edk\u00e1 se, \u017ee  &#8220;jak na Nov\u00fd rok, tak po cel\u00fd rok&#8221;. Tak\u017ee \u010dt\u011bte, tvo\u0159te a nebo prost\u011b d\u011blejte to, co v\u00e1s bav\u00ed. Proto\u017ee jedin\u011b tak se budete c\u00edtit spokojen\u011b. S \u010d\u00edmkoliv za\u010d\u00edn\u00e1te, dejte tomu prostor a u\u017e\u00edvejte si to. \u010casem toti\u017e zjist\u00edte, \u017ee nejkr\u00e1sn\u011bj\u0161\u00ed na tom v\u0161em je cesta k c\u00edli. Necht\u011bjte m\u00edt v\u0161echno hned. Hlavn\u011b  se s nik\u00fdm nesrovn\u00e1vejte a v\u0161e d\u011blejte tak, jak to v ten dan\u00fd okam\u017eik nejl\u00e9pe um\u00edte.  Nejsou d\u016fle\u017eit\u00e1 \u010d\u00edsla sledovanosti na soci\u00e1ln\u00edch s\u00edt\u00edch, proto\u017ee ty b\u00fdvaj\u00ed \u010dasto i fale\u0161n\u00e1. Spokojenost a dobr\u00fd pocit je mo\u017en\u00e9 z\u00edskat jen \u010distou cestou.<\/p>\n\n\n\n<p>A proto\u017ee jsem se na rok 2020 opravdu t\u011b\u0161ila, p\u0159ipravila jsem pro v\u00e1s nejen zcela <a href=\"https:\/\/www.marzicake.cz\/?p=226539\">nov\u00fd recept<\/a>, ale i spoustu zaj\u00edmav\u00fdch sout\u011b\u017e\u00ed. A to p\u0159edev\u0161\u00edm pro ty, kte\u0159\u00ed si ji\u017e novou knihu Sladk\u00e1 inspirace koupili. Vy jste m\u011b t\u00edm pot\u011b\u0161ili a podpo\u0159ili dobrou v\u011bc. A proto j\u00e1 te\u010f budu d\u011blat radost v\u00e1m. Sout\u011b\u017eit se bude o zaj\u00edmav\u00e9 ceny, kter\u00e9 jist\u011b vyu\u017eijete do sv\u00fdch kuchyn\u00ed. Proto sledujte blog Marzicake a pos\u00edlejte fotografie toho, co jste podle knihy vytvo\u0159ili. <\/p>\n\n\n\n<p>Bez ohledu na va\u0161e \u0161\u0165astn\u00e9 \u010d\u00edslo v\u00e1m v\u0161em p\u0159eji v roce 2020 p\u0159edev\u0161\u00edm zdrav\u00ed a Bo\u017e\u00ed po\u017eehn\u00e1n\u00ed. Pak mohou p\u0159ich\u00e1zet benefity, kter\u00e9 n\u00e1\u0161 \u017eivot d\u011blaj\u00ed je\u0161t\u011b v\u00edce barvit\u011bj\u0161\u00ed. Ka\u017ed\u00fd m\u00e1me sv\u00e9ho and\u011bla str\u00e1\u017en\u00e9ho, tak a\u0165 v\u00e1s opatruje od v\u0161eho zl\u00e9ho. D\u011bkuji v\u00e1m, kte\u0159\u00ed m\u011b podporujete v tom, co m\u011b bav\u00ed a d\u011bkuji za zakoupen\u00ed knihy. <\/p>\n\n\n\n<ul class=\"is-layout-flex wp-block-gallery-1 wp-block-gallery columns-2 is-cropped\"><li class=\"blocks-gallery-item\"><figure><img decoding=\"async\" loading=\"lazy\" width=\"1024\" height=\"677\" src=\"http:\/\/www.marzicake.cz\/wp-content\/uploads\/2019\/12\/St\u0159\u00edbrn\u00e9-2020-2-1024x677.jpg\" alt=\"\" data-id=\"226536\" data-link=\"http:\/\/www.marzicake.cz\/?attachment_id=226536\" class=\"wp-image-226536\" srcset=\"https:\/\/www.marzicake.cz\/wp-content\/uploads\/2019\/12\/St\u0159\u00edbrn\u00e9-2020-2-1024x677.jpg 1024w, https:\/\/www.marzicake.cz\/wp-content\/uploads\/2019\/12\/St\u0159\u00edbrn\u00e9-2020-2-300x198.jpg 300w, https:\/\/www.marzicake.cz\/wp-content\/uploads\/2019\/12\/St\u0159\u00edbrn\u00e9-2020-2-768x508.jpg 768w, https:\/\/www.marzicake.cz\/wp-content\/uploads\/2019\/12\/St\u0159\u00edbrn\u00e9-2020-2-800x529.jpg 800w, https:\/\/www.marzicake.cz\/wp-content\/uploads\/2019\/12\/St\u0159\u00edbrn\u00e9-2020-2-600x397.jpg 600w\" sizes=\"(max-width: 1024px) 100vw, 1024px\" \/><\/figure><\/li><li class=\"blocks-gallery-item\"><figure><img decoding=\"async\" loading=\"lazy\" width=\"1024\" height=\"678\" src=\"http:\/\/www.marzicake.cz\/wp-content\/uploads\/2019\/12\/And\u011bl\u00e9-2-1024x678.jpg\" alt=\"\" data-id=\"226194\" data-link=\"http:\/\/www.marzicake.cz\/?attachment_id=226194\" class=\"wp-image-226194\" srcset=\"https:\/\/www.marzicake.cz\/wp-content\/uploads\/2019\/12\/And\u011bl\u00e9-2-1024x678.jpg 1024w, https:\/\/www.marzicake.cz\/wp-content\/uploads\/2019\/12\/And\u011bl\u00e9-2-300x199.jpg 300w, https:\/\/www.marzicake.cz\/wp-content\/uploads\/2019\/12\/And\u011bl\u00e9-2-768x509.jpg 768w, https:\/\/www.marzicake.cz\/wp-content\/uploads\/2019\/12\/And\u011bl\u00e9-2-800x530.jpg 800w, https:\/\/www.marzicake.cz\/wp-content\/uploads\/2019\/12\/And\u011bl\u00e9-2-600x397.jpg 600w\" sizes=\"(max-width: 1024px) 100vw, 1024px\" \/><\/figure><\/li><\/ul>\n","protected":false},"excerpt":{"rendered":"<p>U\u017e ke konci roku 2019 jsem \u010dasto mluvila a psala o tom, \u017ee se na rok 2020 moc t\u011b\u0161\u00edm. Ani nev\u00edm pro\u010d, ale n\u011bjak jsem to tak c\u00edtila. A proto jsem velmi \u0161\u0165astn\u00e1, \u017ee dnes mohu napsat prvn\u00ed p\u0159\u00edsp\u011bvek tohoto roku. M\u00e9 obl\u00edben\u00e9 a \u010dasto i \u0161\u0165astn\u00e9 \u010d\u00edslo, byla v\u017edycky dvojka. V \u010d\u00edsle 2020 je&#8230;<\/p>\n<p><a class=\"more-link\" href=\"https:\/\/www.marzicake.cz\/?p=226497\">\u010cti d\u00e1l<\/a><\/p>\n","protected":false},"author":1,"featured_media":226195,"comment_status":"open","ping_status":"open","sticky":false,"template":"","format":"standard","meta":{"wprm-recipe-roundup-name":"","wprm-recipe-roundup-description":"","_mi_skip_tracking":false,"_genesis_hide_title":false,"_genesis_hide_breadcrumbs":false,"_genesis_hide_singular_image":false,"_genesis_custom_body_class":"","_genesis_custom_post_class":"","_genesis_layout":""},"categories":[400,1],"tags":[],"_links":{"self":[{"href":"https:\/\/www.marzicake.cz\/index.php?rest_route=\/wp\/v2\/posts\/226497"}],"collection":[{"href":"https:\/\/www.marzicake.cz\/index.php?rest_route=\/wp\/v2\/posts"}],"about":[{"href":"https:\/\/www.marzicake.cz\/index.php?rest_route=\/wp\/v2\/types\/post"}],"author":[{"embeddable":true,"href":"https:\/\/www.marzicake.cz\/index.php?rest_route=\/wp\/v2\/users\/1"}],"replies":[{"embeddable":true,"href":"https:\/\/www.marzicake.cz\/index.php?rest_route=%2Fwp%2Fv2%2Fcomments&post=226497"}],"version-history":[{"count":11,"href":"https:\/\/www.marzicake.cz\/index.php?rest_route=\/wp\/v2\/posts\/226497\/revisions"}],"predecessor-version":[{"id":226569,"href":"https:\/\/www.marzicake.cz\/index.php?rest_route=\/wp\/v2\/posts\/226497\/revisions\/226569"}],"wp:featuredmedia":[{"embeddable":true,"href":"https:\/\/www.marzicake.cz\/index.php?rest_route=\/wp\/v2\/media\/226195"}],"wp:attachment":[{"href":"https:\/\/www.marzicake.cz\/index.php?rest_route=%2Fwp%2Fv2%2Fmedia&parent=226497"}],"wp:term":[{"taxonomy":"category","embeddable":true,"href":"https:\/\/www.marzicake.cz\/index.php?rest_route=%2Fwp%2Fv2%2Fcategories&post=226497"},{"taxonomy":"post_tag","embeddable":true,"href":"https:\/\/www.marzicake.cz\/index.php?rest_route=%2Fwp%2Fv2%2Ftags&post=226497"}],"curies":[{"name":"wp","href":"https:\/\/api.w.org\/{rel}","templated":true}]}}