{"id":225622,"date":"2019-12-14T22:38:46","date_gmt":"2019-12-14T21:38:46","guid":{"rendered":"http:\/\/www.marzicake.cz\/?p=225622"},"modified":"2019-12-15T19:00:28","modified_gmt":"2019-12-15T18:00:28","slug":"jak-jsem-zacala-psat-a-nakonec-vydala-knihu","status":"publish","type":"post","link":"https:\/\/www.marzicake.cz\/?p=225622","title":{"rendered":"Jak jsem za\u010dala ps\u00e1t a nakonec vydala knihu&#8230;"},"content":{"rendered":"\n<p>Ke konci kalend\u00e1\u0159n\u00edho roku se v\u011bt\u0161ina z n\u00e1s malinko ohl\u00e9dne a zabilancuje. A proto\u017ee mi p\u00ed\u0161ete kr\u00e1sn\u00e9 zpr\u00e1vy a e-maily, rozhodla jsem se i j\u00e1 malinko zakon\u010dit rok 2019 i tady na blogu. Cel\u00fd tento rok byl pro m\u011b rokem velk\u00fdch zm\u011bn a siln\u00fdch emoc\u00ed. Nejv\u011bt\u0161\u00ed z\u00e1sluhu na tom m\u011blo ur\u010dit\u011b m\u00e9 onemocn\u011bn\u00ed. Zvl\u00e1\u0161tn\u00ed bylo to, \u017ee jsem u\u017e n\u011bkolik m\u011bs\u00edc\u016f p\u0159ed t\u00edm c\u00edtila \u00fanavu a pocit, jako bych \u010dekala na n\u011bco, co m\u011b zastav\u00ed a j\u00e1 si kone\u010dn\u011b odpo\u010dinu. P\u0159i ozn\u00e1men\u00ed t\u00e9 zpr\u00e1vy si pokl\u00e1d\u00e1te ot\u00e1zky a poc\u00edt\u00edte strach, kter\u00fd vyvol\u00e1v\u00e1 mnoho negativn\u00edch my\u0161lenek. V\u0161e se ale postupn\u011b m\u011bn\u00ed. Operace, oza\u0159ov\u00e1n\u00ed a dal\u0161\u00ed onkologick\u00e1 l\u00e9\u010dba v\u00e1s ka\u017ed\u00fdm dnem posunuje jin\u00fdm sm\u011brem. \u010clov\u011bk se z toho ka\u017edodenn\u00edho b\u011bhu najednou zastav\u00ed a je jen s\u00e1m se sebou a pro\u017e\u00edv\u00e1 to ticho kolem sebe. Klidn\u00e9mu \u017eivotu se n\u011bjak sv\u00fdm nev\u011bdom\u00fdm chov\u00e1n\u00edm vzdalujeme a tak ur\u010dit\u00e9 zastaven\u00ed pom\u00e1h\u00e1.<\/p>\n\n\n\n<p>\u010casem jsem zjistila, \u017ee nemoc nep\u0159ich\u00e1z\u00ed za trest a jen tak, ale jako dar. Ano, \u010dtete spr\u00e1vn\u011b. Nemoc n\u00e1s u\u010d\u00ed b\u00fdt lep\u0161\u00ed a \u010dasto otev\u00edr\u00e1 jin\u00e9 cesty, obzory. D\u00edky n\u00ed n\u00e1m do \u017eivota vstupuj\u00ed lid\u00e9 a mo\u017enosti, kter\u00e9 bychom nikdy jinak nepoznali. Alespo\u0148 tak to m\u00e1m j\u00e1.&nbsp;Za\u010dala jsem v\u00edce vn\u00edmat to, co chci a co nechci. Hodn\u011b jsem poslouchala mluven\u00e9 slovo a u\u010dila se meditovat. To v\u0161e m\u011bn\u00ed i \u00fahly pohledu na v\u0161e kolem m\u011b a i m\u011b samotnou. Postupn\u011b jsem za\u010dala svou nemoc m\u00edt r\u00e1da. Bez n\u00ed bych asi nikdy knihu nevydala. Proto beru nemoc jako dar. <\/p>\n\n\n\n<p>Hned po operaci jsem v\u011bd\u011bla, \u017ee jen tak sed\u011bt a \u0159e\u0161it v hlav\u011b sv\u016fj stav, nen\u00ed nic pro m\u011b. Proch\u00e1zela jsem fotky za celou dobu, co m\u00e1m zalo\u017een\u00fd blog a Instagram. A p\u0159esto, \u017ee u\u017e jsem m\u011bla rozepsanou \u00fapln\u011b jinou knihu, kter\u00e1 s &#8220;cukra\u0159inou&#8221; nem\u00e1 nic spole\u010dn\u00e9ho, za\u010dala jsem vylep\u0161ovat recepty na blogu a sepisovat osnovu knihy, ve kterou jsem nikdy ani  nedoufala.  Zjistila jsem, \u017ee fotografi\u00ed je dostatek a tak jsem si dala c\u00edl, \u017ee mus\u00edm sestavit a napsat knihu, ne\u017e bude ukon\u010dena l\u00e9\u010dba. A tak jsem den ode dne psala, sestavovala obsah, p\u0159i\u0159azovala fotky a kdy\u017e mi to zdravotn\u00ed stav dovoloval, sna\u017eila jsem se p\u0159ibli\u017eovat k c\u00edli. V\u011bd\u011bla jsem, \u017ee n\u011bkter\u00e9 fotky nejsou a\u017e tak kvalitn\u00ed, ale s\u00edlu na opakovan\u00e9 pe\u010den\u00ed ur\u010dit\u00fdch sladkost\u00ed, jsem nem\u011bla. Proto jsou v knize i pom\u011brn\u011b historick\u00e9 fotografie z doby, kdy jsem se fotit vlastn\u011b u\u010dila. Profesion\u00e1ln\u00ed fotograf by to stoprocentn\u011b zvl\u00e1dl l\u00e9pe, ale to u\u017e bych nebyla j\u00e1&#8230; Cht\u011bla jsem, aby byla kniha slo\u017een\u00e1 jen z m\u00fdch schopnost\u00ed a mimo portr\u00e9tov\u00fdch fotografi\u00ed, jsem si ji nafotila sama.<\/p>\n\n\n\n<p>Pot\u00e9, co jsem knihu dopsala (konec srpna 2019), soust\u0159edila jsem se na v\u00fdb\u011br tisk\u00e1rny a nakonec si u n\u00ed zarezervovala \u010das na tisk. Do t\u00e9 doby jsem musela zvl\u00e1dnout grafiku a korektury. Zb\u00fdvalo jen 5 t\u00fddn\u016f. Mus\u00edm uznat, \u017ee i tato etapa byla pro m\u011b velik\u00e1nskou zku\u0161enost\u00ed. \u010c\u00edm v\u00edc jsem si cel\u00fd obsah prohl\u00ed\u017eela a \u010detla, t\u00edm v\u011bt\u0161\u00ed jsem m\u011bla obavy, abych to zvl\u00e1dla. N\u011bkter\u00e9 dny mi opravdu nebylo dob\u0159e. V\u011bd\u011bla jsem, \u017ee mus\u00edm odpo\u010d\u00edvat, ale necht\u011bla jsem se a\u017e tak oslabenosti po oza\u0159ov\u00e1n\u00ed pod\u00e1vat. A tak byl ka\u017ed\u00fd den \u00fapln\u011b jin\u00fd. N\u011bkdy jsem m\u011bla radost kolik jsem toho s knihou zvl\u00e1dla, ale jindy jsem nezvl\u00e1dla v\u016fbec nic. S pozitivn\u00edm p\u0159\u00edstupem jsem se posunovala ka\u017ed\u00fd den bl\u00ed\u017e ke sv\u00e9mu c\u00edli.<\/p>\n\n\n\n<p>V okam\u017eiku, kdy mi z tisk\u00e1rny zatelefonovali, abych se p\u0159ijela pod\u00edvat na prvn\u00ed ti\u0161t\u011bn\u00e9 str\u00e1nky, poc\u00edtila jsem opravdovou \u00falevu. Byl to n\u00e1dhern\u00fd pocit. A v den, kdy mi tisk\u00e1rna \u010d\u00e1st knih dopravila dom\u016f, jsem si pobre\u010dela. Nemohla jsem v\u011b\u0159it, \u017ee jsem to zvl\u00e1dla a v term\u00ednu, kter\u00fd jsem si dala.  D\u011bkuji v\u0161em, kte\u0159\u00ed mi pom\u00e1hali m\u016fj c\u00edl a sen splnit. Klan\u00edm se v\u00e1m, \u017ee jste mi v\u011b\u0159ili a \u0161li do toho se mnou. V\u00e1\u017e\u00edm si toho.<\/p>\n\n\n\n<p>Do toho jsem zjistila, \u017ee blog nespl\u0148uje to, co bych si p\u0159edstavovala.  A tak dal\u0161\u00edm c\u00edlem bylo ud\u011blat ho \u00fapln\u011b cel\u00fd nov\u00fd. Term\u00edn byl jasn\u00fd. T\u00fdden p\u0159ed k\u0159tem knihy musel b\u00fdt hotov. I tady bych cht\u011bla pod\u011bkovat v\u0161em, kte\u0159\u00ed mi pom\u00e1hali. P\u0159edev\u0161\u00edm mlad\u0161\u00ed dce\u0159i, kter\u00e1 mi plnila v\u0161echny m\u00e9 p\u0159edstavy a nau\u010dila m\u011b s blogem pracovat. <\/p>\n\n\n\n<p>A to ostatn\u00ed u\u017e zn\u00e1te. K\u0159est knihy a autogrami\u00e1da s Vendulou Pizingerovou a Janem Fi\u0161erem z nadace Kapka nad\u011bje. A pro\u010d? Rozhodla jsem se, \u017ee v\u00fdt\u011b\u017eek z knihy p\u016fjde na podporu d\u011btsk\u00e9ho onkologick\u00e9ho odd\u011blen\u00ed FN Motol. D\u00edky knize &#8220;Sladk\u00e1 inspirace&#8221; m\u016f\u017eete i vy b\u00fdt o Kapku lep\u0161\u00ed. A pro v\u00e1s, kte\u0159\u00ed budete m\u00edt knihu, jsou v roce 2020 p\u0159ipraveny sout\u011b\u017ee o zaj\u00edmav\u00e9 ceny. Proto neot\u00e1lejte a zapojte se do t\u00e9to pomoci.<\/p>\n\n\n\n<p>P\u0159eji nejen sob\u011b, ale i v\u00e1m v\u0161em n\u00e1v\u0161t\u011bvn\u00edk\u016fm blogu v roce 2020 p\u0159edev\u0161\u00edm zdrav\u00ed.<\/p>\n\n\n\n<figure class=\"wp-block-image\"><img decoding=\"async\" loading=\"lazy\" width=\"902\" height=\"1024\" src=\"http:\/\/www.marzicake.cz\/wp-content\/uploads\/2019\/11\/hardcoverthickl_1983x2252-902x1024.png\" alt=\"\" class=\"wp-image-225358\" srcset=\"https:\/\/www.marzicake.cz\/wp-content\/uploads\/2019\/11\/hardcoverthickl_1983x2252-902x1024.png 902w, https:\/\/www.marzicake.cz\/wp-content\/uploads\/2019\/11\/hardcoverthickl_1983x2252-264x300.png 264w, https:\/\/www.marzicake.cz\/wp-content\/uploads\/2019\/11\/hardcoverthickl_1983x2252-768x872.png 768w, https:\/\/www.marzicake.cz\/wp-content\/uploads\/2019\/11\/hardcoverthickl_1983x2252-800x909.png 800w, https:\/\/www.marzicake.cz\/wp-content\/uploads\/2019\/11\/hardcoverthickl_1983x2252-600x681.png 600w, https:\/\/www.marzicake.cz\/wp-content\/uploads\/2019\/11\/hardcoverthickl_1983x2252.png 1983w\" sizes=\"(max-width: 902px) 100vw, 902px\" \/><\/figure>\n","protected":false},"excerpt":{"rendered":"<p>Ke konci kalend\u00e1\u0159n\u00edho roku se v\u011bt\u0161ina z n\u00e1s malinko ohl\u00e9dne a zabilancuje. A proto\u017ee mi p\u00ed\u0161ete kr\u00e1sn\u00e9 zpr\u00e1vy a e-maily, rozhodla jsem se i j\u00e1 malinko zakon\u010dit rok 2019 i tady na blogu. Cel\u00fd tento rok byl pro m\u011b rokem velk\u00fdch zm\u011bn a siln\u00fdch emoc\u00ed. Nejv\u011bt\u0161\u00ed z\u00e1sluhu na tom m\u011blo ur\u010dit\u011b m\u00e9 onemocn\u011bn\u00ed. Zvl\u00e1\u0161tn\u00ed bylo&#8230;<\/p>\n<p><a class=\"more-link\" href=\"https:\/\/www.marzicake.cz\/?p=225622\">\u010cti d\u00e1l<\/a><\/p>\n","protected":false},"author":1,"featured_media":225265,"comment_status":"open","ping_status":"open","sticky":false,"template":"","format":"standard","meta":{"wprm-recipe-roundup-name":"","wprm-recipe-roundup-description":"","_mi_skip_tracking":false,"_genesis_hide_title":false,"_genesis_hide_breadcrumbs":false,"_genesis_hide_singular_image":false,"_genesis_custom_body_class":"","_genesis_custom_post_class":"","_genesis_layout":""},"categories":[400],"tags":[],"_links":{"self":[{"href":"https:\/\/www.marzicake.cz\/index.php?rest_route=\/wp\/v2\/posts\/225622"}],"collection":[{"href":"https:\/\/www.marzicake.cz\/index.php?rest_route=\/wp\/v2\/posts"}],"about":[{"href":"https:\/\/www.marzicake.cz\/index.php?rest_route=\/wp\/v2\/types\/post"}],"author":[{"embeddable":true,"href":"https:\/\/www.marzicake.cz\/index.php?rest_route=\/wp\/v2\/users\/1"}],"replies":[{"embeddable":true,"href":"https:\/\/www.marzicake.cz\/index.php?rest_route=%2Fwp%2Fv2%2Fcomments&post=225622"}],"version-history":[{"count":21,"href":"https:\/\/www.marzicake.cz\/index.php?rest_route=\/wp\/v2\/posts\/225622\/revisions"}],"predecessor-version":[{"id":226126,"href":"https:\/\/www.marzicake.cz\/index.php?rest_route=\/wp\/v2\/posts\/225622\/revisions\/226126"}],"wp:featuredmedia":[{"embeddable":true,"href":"https:\/\/www.marzicake.cz\/index.php?rest_route=\/wp\/v2\/media\/225265"}],"wp:attachment":[{"href":"https:\/\/www.marzicake.cz\/index.php?rest_route=%2Fwp%2Fv2%2Fmedia&parent=225622"}],"wp:term":[{"taxonomy":"category","embeddable":true,"href":"https:\/\/www.marzicake.cz\/index.php?rest_route=%2Fwp%2Fv2%2Fcategories&post=225622"},{"taxonomy":"post_tag","embeddable":true,"href":"https:\/\/www.marzicake.cz\/index.php?rest_route=%2Fwp%2Fv2%2Ftags&post=225622"}],"curies":[{"name":"wp","href":"https:\/\/api.w.org\/{rel}","templated":true}]}}