{"id":2198,"date":"2016-09-23T19:57:39","date_gmt":"2016-09-23T17:57:39","guid":{"rendered":"http:\/\/www.marzicake.cz\/?p=2198"},"modified":"2019-10-19T11:07:59","modified_gmt":"2019-10-19T09:07:59","slug":"sladkosti-pro-radost-a-dobre-skutky","status":"publish","type":"post","link":"https:\/\/www.marzicake.cz\/?p=2198","title":{"rendered":"Sladkosti druh\u00fdm pro radost"},"content":{"rendered":"<p>Ano, p\u0159esn\u011b tak. I sladkost\u00ed m\u016f\u017eete rozd\u00e1vat radost a d\u011blat dobr\u00e9 skutky. \u010clov\u011bk by se nem\u011bl b\u00e1t toho, \u017ee ka\u017ed\u00fd dobr\u00fd skutek je hned po z\u00e1sluze potrest\u00e1n. I kdy\u017e to tak n\u011bkdy v \u017eivot\u011b chod\u00ed&#8230;<\/p>\n<p><a href=\"http:\/\/www.marzicake.cz\/wp-content\/uploads\/2016\/09\/Druh\u00e1-\u0159adalogo-2-o\u0159ez.jpg\"><img decoding=\"async\" loading=\"lazy\" class=\" wp-image-2201 alignleft\" src=\"http:\/\/www.marzicake.cz\/wp-content\/uploads\/2016\/09\/Druh\u00e1-\u0159adalogo-2-o\u0159ez-178x300.jpg\" alt=\"druha-radalogo-2-orez\" width=\"124\" height=\"209\" srcset=\"https:\/\/www.marzicake.cz\/wp-content\/uploads\/2016\/09\/Druh\u00e1-\u0159adalogo-2-o\u0159ez-178x300.jpg 178w, https:\/\/www.marzicake.cz\/wp-content\/uploads\/2016\/09\/Druh\u00e1-\u0159adalogo-2-o\u0159ez-768x1293.jpg 768w, https:\/\/www.marzicake.cz\/wp-content\/uploads\/2016\/09\/Druh\u00e1-\u0159adalogo-2-o\u0159ez-608x1024.jpg 608w, https:\/\/www.marzicake.cz\/wp-content\/uploads\/2016\/09\/Druh\u00e1-\u0159adalogo-2-o\u0159ez-1080x1819.jpg 1080w, https:\/\/www.marzicake.cz\/wp-content\/uploads\/2016\/09\/Druh\u00e1-\u0159adalogo-2-o\u0159ez.jpg 1392w\" sizes=\"(max-width: 124px) 100vw, 124px\" \/><\/a>V posledn\u00edch t\u00fddnech jsem svoj\u00ed tvo\u0159ivost\u00ed ud\u011blala radost hned dv\u011bma lidem. T\u00edm prvn\u00edm je mal\u00fd chlape\u010dek, kter\u00fd p\u0159ekonal velmi v\u00e1\u017enou nemoc. P\u0159i vypr\u00e1v\u011bn\u00ed p\u0159\u00edb\u011bhu o n\u011bm jsem nedok\u00e1zala&nbsp;udr\u017eet pl\u00e1\u010d a uv\u011bdomila si, jak jsou tyto d\u011bti a jejich rodiny state\u010dn\u00e9. A to, co j\u00e1 v\u0161echno pro\u017e\u00edv\u00e1m, jsou vlastn\u011b v\u011bci, kter\u00e9 se daj\u00ed \u0159e\u0161it &#8211; drobnosti.&nbsp;Po dlouh\u00e9m n\u011bkolikam\u011bs\u00ed\u010dn\u00edm l\u00e9\u010den\u00ed se chlape\u010dek vrac\u00ed do b\u011b\u017en\u00e9ho \u017eivota a m\u016f\u017ee alespo\u0148&nbsp;na p\u00e1r hodin do \u0161koly mezi sv\u00e9 kamar\u00e1dy. Velk\u00fd d\u00edk pat\u0159\u00ed l\u00e9ka\u0159\u016fm, Kapce nad\u011bje a t\u00edm i&nbsp;prezidentce Vendule Pizingerov\u00e9. Malou sladkost\u00ed ve tvaru pejska jsem mohla ud\u011blat jen to nejmen\u0161\u00ed. Prost\u011b vykouzlit \u00fasm\u011bv mal\u00e9ho kluka, kter\u00e9mu prost\u011b do \u00fasm\u011bvu dlouho nebylo. Tak snad se to poda\u0159ilo&#8230; \ud83d\ude42<\/p>\n<p>\ud83d\ude42<br \/>\n<a href=\"http:\/\/www.marzicake.cz\/wp-content\/uploads\/2016\/09\/Zp\u011bvn\u00edk-kytara-a-klobouklogo.jpg\"><img decoding=\"async\" loading=\"lazy\" class=\" wp-image-2190 alignleft\" src=\"http:\/\/www.marzicake.cz\/wp-content\/uploads\/2016\/09\/Zp\u011bvn\u00edk-kytara-a-klobouklogo-300x266.jpg\" alt=\"zpevnik-kytara-a-klobouklogo\" width=\"337\" height=\"299\" srcset=\"https:\/\/www.marzicake.cz\/wp-content\/uploads\/2016\/09\/Zp\u011bvn\u00edk-kytara-a-klobouklogo-300x266.jpg 300w, https:\/\/www.marzicake.cz\/wp-content\/uploads\/2016\/09\/Zp\u011bvn\u00edk-kytara-a-klobouklogo-768x680.jpg 768w, https:\/\/www.marzicake.cz\/wp-content\/uploads\/2016\/09\/Zp\u011bvn\u00edk-kytara-a-klobouklogo-1024x907.jpg 1024w, https:\/\/www.marzicake.cz\/wp-content\/uploads\/2016\/09\/Zp\u011bvn\u00edk-kytara-a-klobouklogo-1080x957.jpg 1080w\" sizes=\"(max-width: 337px) 100vw, 337px\" \/><\/a>Dal\u0161\u00edm, komu jsem snad vykouzlila \u00fasm\u011bv na tv\u00e1\u0159i byl Pavel. Man\u017eel m\u00e9 kamar\u00e1dky. Mus\u00edm p\u0159iznat, \u017ee u Pavla jde u\u017e o tradici. Co ho zn\u00e1m, tvo\u0159\u00edm na jeho narozky v\u017edycky n\u011bco, co douf\u00e1m pot\u011b\u0161\u00ed. Od golfov\u00e9ho h\u0159i\u0161t\u011b, p\u0159es doutn\u00edky s houslov\u00fdm kl\u00ed\u010dem a\u017e po zp\u011bvn\u00edk jeho nov\u011b zalo\u017een\u00e9ho P.\u0160.T. TRIA. Kniha byla na oslazen\u00ed, ale klobouk s kytarou je na pam\u00e1tku do jeho hudebn\u00edho studia. A jestli jste je\u0161t\u011b nesly\u0161eli \u017e\u00e1dnou skladbu t\u00e9to skupinky hudebn\u00edch nad\u0161enc\u016f a skv\u011bl\u00fdch muzikant\u016f, tak nev\u00e1hejte a vyhledejte si p\u00edsni\u010dky na&nbsp;https:\/\/www.youtube.com . Ale m\u016f\u017eete hledat muzikanta i dle jm\u00e9na Pavel \u0160varc. Budete mile p\u0159ekvapeni.<\/p>\n<p>V z\u00e1v\u011bru zjist\u00edte, \u017ee kdy\u017e budete d\u011blat radost, tak vy samotn\u00ed j\u00ed nakonec budete m\u00edt d\u00edky obdarovan\u00fdm nejv\u011bt\u0161\u00ed. Je to vlastn\u011b moc p\u011bkn\u00fd pocit.<\/p>\n<p>&nbsp;<\/p>\n<p><strong><a href=\"http:\/\/www.marzicake.cz\/wp-content\/uploads\/2016\/11\/U-Pavla-ve-studiulogo.jpg\"><img decoding=\"async\" loading=\"lazy\" class=\"size-medium wp-image-2498 alignleft\" src=\"http:\/\/www.marzicake.cz\/wp-content\/uploads\/2016\/11\/U-Pavla-ve-studiulogo-300x225.jpg\" alt=\"u-pavla-ve-studiulogo\" width=\"300\" height=\"225\" srcset=\"https:\/\/www.marzicake.cz\/wp-content\/uploads\/2016\/11\/U-Pavla-ve-studiulogo-300x225.jpg 300w, https:\/\/www.marzicake.cz\/wp-content\/uploads\/2016\/11\/U-Pavla-ve-studiulogo.jpg 640w\" sizes=\"(max-width: 300px) 100vw, 300px\" \/><\/a>Po p\u00e1r t\u00fddnech<\/strong> jsem m\u011bla p\u0159\u00edle\u017eitost, abych nav\u0161t\u00edvila nahr\u00e1vac\u00ed studio Pavla \u0160varce (P.\u0160.T.TRIO). Bylo to opravdu super&nbsp;a j\u00e1&nbsp;\u00fapln\u011b nad\u0161en\u00e1, kdy\u017e jsem zjistila, \u017ee m\u00e9 sladk\u00e9 d\u00e1rky maj\u00ed ve studiu sv\u00e9 m\u00edsto. To m\u011b opravdu pot\u011b\u0161ilo. Pak jsem dostala podepsan\u00e9 nov\u00e9 CD a do t\u0159etice mi Pavel zazp\u00edval a zahr\u00e1l sv\u00e9 dv\u011b nov\u00e9 p\u00edsni\u010dky. To m\u011b asi &#8220;rozsekalo&#8221; nejv\u00edc. Nemohla jsem tomu ani v\u011b\u0159it&nbsp;jak&nbsp;neuv\u011b\u0159iteln\u011b se zlep\u0161il. Uv\u011bdomila jsem si, \u017ee kdy\u017e na sob\u011b \u010dlov\u011bk pracuje, dostav\u00ed se v\u00fdsledky. Nen\u00ed to hned. Trp\u011blivost a neust\u00e1l\u00e9 tr\u00e9ninky ho posunuj\u00ed vp\u0159ed. To je na tom to n\u00e1dhern\u00e9 &#8211; jak se vlastn\u011b \u010dlov\u011bk vyv\u00edj\u00ed. Jsem opravdu moc r\u00e1da, \u017ee m\u00e1m kolem sebe lidi, kte\u0159\u00ed dok\u00e1\u017eou na sob\u011b pracovat a zlep\u0161ovat se i druh\u00fdm pro radost. D\u00edky za kr\u00e1sn\u00fd ve\u010der Martin\u011b a Pavlovi a brzy zas na vid\u011bnou na soukrom\u00e9m koncert\u011b&#8230; \ud83d\ude42<\/p>\n<p><a href=\"http:\/\/www.marzicake.cz\/wp-content\/uploads\/2016\/11\/U-Pavla-ve-studiu-2.jpg\"><img decoding=\"async\" loading=\"lazy\" class=\"alignnone size-medium wp-image-2499\" src=\"http:\/\/www.marzicake.cz\/wp-content\/uploads\/2016\/11\/U-Pavla-ve-studiu-2-300x225.jpg\" alt=\"u-pavla-ve-studiu-2\" width=\"300\" height=\"225\" srcset=\"https:\/\/www.marzicake.cz\/wp-content\/uploads\/2016\/11\/U-Pavla-ve-studiu-2-300x225.jpg 300w, https:\/\/www.marzicake.cz\/wp-content\/uploads\/2016\/11\/U-Pavla-ve-studiu-2.jpg 578w\" sizes=\"(max-width: 300px) 100vw, 300px\" \/><\/a><\/p>\n<p>&nbsp;<\/p>\n","protected":false},"excerpt":{"rendered":"<p>Ano, p\u0159esn\u011b tak. I sladkost\u00ed m\u016f\u017eete rozd\u00e1vat radost a d\u011blat dobr\u00e9 skutky. \u010clov\u011bk by se nem\u011bl b\u00e1t toho, \u017ee ka\u017ed\u00fd dobr\u00fd skutek je hned po z\u00e1sluze potrest\u00e1n. I kdy\u017e to tak n\u011bkdy v \u017eivot\u011b chod\u00ed&#8230; V posledn\u00edch t\u00fddnech jsem svoj\u00ed tvo\u0159ivost\u00ed ud\u011blala radost hned dv\u011bma lidem. T\u00edm prvn\u00edm je mal\u00fd chlape\u010dek, kter\u00fd p\u0159ekonal velmi v\u00e1\u017enou&#8230;<\/p>\n<p><a class=\"more-link\" href=\"https:\/\/www.marzicake.cz\/?p=2198\">\u010cti d\u00e1l<\/a><\/p>\n","protected":false},"author":1,"featured_media":224516,"comment_status":"open","ping_status":"open","sticky":false,"template":"","format":"standard","meta":{"wprm-recipe-roundup-name":"","wprm-recipe-roundup-description":"","_mi_skip_tracking":false,"_genesis_hide_title":false,"_genesis_hide_breadcrumbs":false,"_genesis_hide_singular_image":false,"_genesis_custom_body_class":"","_genesis_custom_post_class":"","_genesis_layout":""},"categories":[400],"tags":[],"_links":{"self":[{"href":"https:\/\/www.marzicake.cz\/index.php?rest_route=\/wp\/v2\/posts\/2198"}],"collection":[{"href":"https:\/\/www.marzicake.cz\/index.php?rest_route=\/wp\/v2\/posts"}],"about":[{"href":"https:\/\/www.marzicake.cz\/index.php?rest_route=\/wp\/v2\/types\/post"}],"author":[{"embeddable":true,"href":"https:\/\/www.marzicake.cz\/index.php?rest_route=\/wp\/v2\/users\/1"}],"replies":[{"embeddable":true,"href":"https:\/\/www.marzicake.cz\/index.php?rest_route=%2Fwp%2Fv2%2Fcomments&post=2198"}],"version-history":[{"count":13,"href":"https:\/\/www.marzicake.cz\/index.php?rest_route=\/wp\/v2\/posts\/2198\/revisions"}],"predecessor-version":[{"id":224518,"href":"https:\/\/www.marzicake.cz\/index.php?rest_route=\/wp\/v2\/posts\/2198\/revisions\/224518"}],"wp:featuredmedia":[{"embeddable":true,"href":"https:\/\/www.marzicake.cz\/index.php?rest_route=\/wp\/v2\/media\/224516"}],"wp:attachment":[{"href":"https:\/\/www.marzicake.cz\/index.php?rest_route=%2Fwp%2Fv2%2Fmedia&parent=2198"}],"wp:term":[{"taxonomy":"category","embeddable":true,"href":"https:\/\/www.marzicake.cz\/index.php?rest_route=%2Fwp%2Fv2%2Fcategories&post=2198"},{"taxonomy":"post_tag","embeddable":true,"href":"https:\/\/www.marzicake.cz\/index.php?rest_route=%2Fwp%2Fv2%2Ftags&post=2198"}],"curies":[{"name":"wp","href":"https:\/\/api.w.org\/{rel}","templated":true}]}}