{"id":2175,"date":"2016-09-17T20:46:28","date_gmt":"2016-09-17T18:46:28","guid":{"rendered":"http:\/\/www.marzicake.cz\/?p=2175"},"modified":"2020-05-10T17:40:09","modified_gmt":"2020-05-10T15:40:09","slug":"milujeme-podzim","status":"publish","type":"post","link":"https:\/\/www.marzicake.cz\/?p=2175","title":{"rendered":"Milujeme podzim"},"content":{"rendered":"<p><a href=\"http:\/\/www.marzicake.cz\/wp-content\/uploads\/2016\/09\/Jablkov\u00e9-hodylogo-2.jpg\"><img decoding=\"async\" loading=\"lazy\" class=\" wp-image-2174 alignleft\" src=\"http:\/\/www.marzicake.cz\/wp-content\/uploads\/2016\/09\/Jablkov\u00e9-hodylogo-2-225x300.jpg\" alt=\"jablkove-hodylogo-2\" width=\"198\" height=\"264\" srcset=\"https:\/\/www.marzicake.cz\/wp-content\/uploads\/2016\/09\/Jablkov\u00e9-hodylogo-2-225x300.jpg 225w, https:\/\/www.marzicake.cz\/wp-content\/uploads\/2016\/09\/Jablkov\u00e9-hodylogo-2-768x1024.jpg 768w, https:\/\/www.marzicake.cz\/wp-content\/uploads\/2016\/09\/Jablkov\u00e9-hodylogo-2-1080x1440.jpg 1080w\" sizes=\"(max-width: 198px) 100vw, 198px\" \/><\/a>S p\u0159\u00edchodem podzimu si v\u017edy uv\u011bdom\u00edm jak n\u00e1dhern\u00e9 barvy n\u00e1m bude p\u0159\u00edroda nab\u00edzet v\u0161ude kolem n\u00e1s. A nejen barvy, ale i v\u016fn\u011b na\u0161ich zahrad. Nev\u00edm jak n\u00e1v\u0161t\u011bvn\u00edk blogu, ale j\u00e1 a pom\u011brn\u011b i dost lid\u00ed v m\u00e9m okol\u00ed milujeme a to moc a moc podzim. T\u00edm p\u00e1dem ne\u0161lo jinak a musel vzniknout tento p\u0159\u00edsp\u011bvek. Pamatuji si ale na obdob\u00ed, kdy jsem \u00a0byla mal\u00e1 holka. Podzim jsem nem\u011bla v\u016fbec r\u00e1da. Dnes u\u017e v\u00edm, \u017ee to bylo spojeno se za\u010d\u00e1tkem \u0161koly, kam se mi z windsurfingu a stanov\u00e1n\u00ed v p\u0159\u00edrod\u011b prost\u011b necht\u011blo. Od r\u00e1na do ve\u010dera u vody, m\u011blo nahradit sezen\u00ed ve \u0161koln\u00ed lavici a dlouh\u00e9 hodiny nad u\u010den\u00edm. Tahle p\u0159edstava nebyla p\u0159\u00edjemn\u00e1 a tak m\u011b n\u011bjak\u00e1 n\u00e1dhern\u011b barevn\u00e1 p\u0159\u00edroda v t\u00e9 dob\u011b v\u016fbec nezaj\u00edmala. Ka\u017ed\u00e9 obdob\u00ed \u017eivota m\u00e1 prost\u011b sv\u00e1 kouzla&#8230; \ud83d\ude42<\/p>\n<p><a href=\"http:\/\/www.marzicake.cz\/wp-content\/uploads\/2016\/09\/Lineck\u00fd-kol\u00e1\u010d-s-jablkem-logo.jpg\"><img decoding=\"async\" loading=\"lazy\" class=\" wp-image-2172 alignleft\" src=\"http:\/\/www.marzicake.cz\/wp-content\/uploads\/2016\/09\/Lineck\u00fd-kol\u00e1\u010d-s-jablkem-logo-300x225.jpg\" alt=\"linecky-kolac-s-jablkem-logo\" width=\"199\" height=\"149\" srcset=\"https:\/\/www.marzicake.cz\/wp-content\/uploads\/2016\/09\/Lineck\u00fd-kol\u00e1\u010d-s-jablkem-logo-300x225.jpg 300w, https:\/\/www.marzicake.cz\/wp-content\/uploads\/2016\/09\/Lineck\u00fd-kol\u00e1\u010d-s-jablkem-logo-768x576.jpg 768w, https:\/\/www.marzicake.cz\/wp-content\/uploads\/2016\/09\/Lineck\u00fd-kol\u00e1\u010d-s-jablkem-logo-1024x768.jpg 1024w, https:\/\/www.marzicake.cz\/wp-content\/uploads\/2016\/09\/Lineck\u00fd-kol\u00e1\u010d-s-jablkem-logo-1080x810.jpg 1080w\" sizes=\"(max-width: 199px) 100vw, 199px\" \/><\/a>Je to opravdu zvl\u00e1\u0161tn\u00ed, ale \u010d\u00edm jsem star\u0161\u00ed, t\u00edm podzim v\u00edce miluji. Mo\u017en\u00e1 i proto, \u017ee podzimu dost \u010dasto p\u0159edch\u00e1z\u00ed n\u00e1dhern\u00e9 bab\u00ed l\u00e9to. Mimo nadm\u011brn\u00e9ho mno\u017estv\u00ed pavu\u010din v\u0161ude, kam se na zahrad\u011b pod\u00edv\u00e1te, je to n\u00e1dhern\u00fd \u010das. V tento okam\u017eik p\u0159ich\u00e1z\u00ed chv\u00edle na sb\u011br v\u0161eho, co je pot\u0159eba ukr\u00fdt p\u0159ed zimou. \u0160vestky, hru\u0161ky, d\u00fdn\u011b, raj\u010data, jablka a dal\u0161\u00ed \u00faroda nab\u00edz\u00ed ke slan\u00e9mu, ale hlavn\u011b sladk\u00e9mu tvo\u0159en\u00ed. Tak\u017ee v pr\u016fb\u011bhu su\u0161en\u00ed raj\u010dat, bazalky a \u010desneku, va\u0159\u00edm povidla a pe\u010du jednu sladkou dobrotu za druhou. \u00a0Proto nahl\u00e9dn\u011bte do menu s recepty. Najdete mnoho inspirace jak r\u016fzn\u011b zpracov\u00e1vat kynut\u00e9, lineck\u00e9 a listov\u00e9 t\u011bsto s plody zahrady. A jestli jste v\u00e1hali jak\u00e9 to ro\u010dn\u00ed obdob\u00ed m\u00e1te r\u00e1di, v\u011b\u0159te, \u017ee p\u0159i takov\u00e9m kol\u00e1\u010di s jablkov\u00fdmi povidly to bude podzim ur\u010dit\u011b. \ud83d\ude42<\/p>\n<p><a href=\"http:\/\/www.marzicake.cz\/wp-content\/uploads\/2016\/09\/Lineck\u00fd-kol\u00e1\u010d-s-jablkem-logo-3.jpg\"><img decoding=\"async\" loading=\"lazy\" class=\"alignnone size-medium wp-image-2169\" src=\"http:\/\/www.marzicake.cz\/wp-content\/uploads\/2016\/09\/Lineck\u00fd-kol\u00e1\u010d-s-jablkem-logo-3-300x225.jpg\" alt=\"linecky-kolac-s-jablkem-logo-3\" width=\"300\" height=\"225\" srcset=\"https:\/\/www.marzicake.cz\/wp-content\/uploads\/2016\/09\/Lineck\u00fd-kol\u00e1\u010d-s-jablkem-logo-3-300x225.jpg 300w, https:\/\/www.marzicake.cz\/wp-content\/uploads\/2016\/09\/Lineck\u00fd-kol\u00e1\u010d-s-jablkem-logo-3-768x576.jpg 768w, https:\/\/www.marzicake.cz\/wp-content\/uploads\/2016\/09\/Lineck\u00fd-kol\u00e1\u010d-s-jablkem-logo-3-1024x768.jpg 1024w, https:\/\/www.marzicake.cz\/wp-content\/uploads\/2016\/09\/Lineck\u00fd-kol\u00e1\u010d-s-jablkem-logo-3-1080x810.jpg 1080w\" sizes=\"(max-width: 300px) 100vw, 300px\" \/><\/a>\u00a0<a href=\"http:\/\/www.marzicake.cz\/wp-content\/uploads\/2016\/09\/Listov\u00e9-\u0161pi\u010dky-s-jablkov\u00fdmi-povidlylogo.jpg\"><img decoding=\"async\" loading=\"lazy\" class=\"alignnone size-medium wp-image-2168\" src=\"http:\/\/www.marzicake.cz\/wp-content\/uploads\/2016\/09\/Listov\u00e9-\u0161pi\u010dky-s-jablkov\u00fdmi-povidlylogo-300x225.jpg\" alt=\"listove-spicky-s-jablkovymi-povidlylogo\" width=\"300\" height=\"225\" srcset=\"https:\/\/www.marzicake.cz\/wp-content\/uploads\/2016\/09\/Listov\u00e9-\u0161pi\u010dky-s-jablkov\u00fdmi-povidlylogo-300x225.jpg 300w, https:\/\/www.marzicake.cz\/wp-content\/uploads\/2016\/09\/Listov\u00e9-\u0161pi\u010dky-s-jablkov\u00fdmi-povidlylogo-768x576.jpg 768w, https:\/\/www.marzicake.cz\/wp-content\/uploads\/2016\/09\/Listov\u00e9-\u0161pi\u010dky-s-jablkov\u00fdmi-povidlylogo-1024x768.jpg 1024w, https:\/\/www.marzicake.cz\/wp-content\/uploads\/2016\/09\/Listov\u00e9-\u0161pi\u010dky-s-jablkov\u00fdmi-povidlylogo-1080x810.jpg 1080w\" sizes=\"(max-width: 300px) 100vw, 300px\" \/><\/a><\/p>\n<p><a href=\"http:\/\/www.marzicake.cz\/wp-content\/uploads\/2016\/09\/Jablkov\u00fd-kol\u00e1\u010d-s-o\u0159echylogo-vitality-1.jpg\"><img decoding=\"async\" loading=\"lazy\" class=\"alignnone size-medium wp-image-2153\" src=\"http:\/\/www.marzicake.cz\/wp-content\/uploads\/2016\/09\/Jablkov\u00fd-kol\u00e1\u010d-s-o\u0159echylogo-vitality-1-300x225.jpg\" alt=\"jablkovy-kolac-s-orechylogo-vitality\" width=\"300\" height=\"225\" srcset=\"https:\/\/www.marzicake.cz\/wp-content\/uploads\/2016\/09\/Jablkov\u00fd-kol\u00e1\u010d-s-o\u0159echylogo-vitality-1-300x225.jpg 300w, https:\/\/www.marzicake.cz\/wp-content\/uploads\/2016\/09\/Jablkov\u00fd-kol\u00e1\u010d-s-o\u0159echylogo-vitality-1-768x576.jpg 768w, https:\/\/www.marzicake.cz\/wp-content\/uploads\/2016\/09\/Jablkov\u00fd-kol\u00e1\u010d-s-o\u0159echylogo-vitality-1-1024x768.jpg 1024w, https:\/\/www.marzicake.cz\/wp-content\/uploads\/2016\/09\/Jablkov\u00fd-kol\u00e1\u010d-s-o\u0159echylogo-vitality-1-1080x810.jpg 1080w\" sizes=\"(max-width: 300px) 100vw, 300px\" \/><\/a>\u00a0\u00a0<a href=\"http:\/\/www.marzicake.cz\/wp-content\/uploads\/2016\/08\/\u0160vestkov\u00e9-hodylogo.jpg\"><img decoding=\"async\" loading=\"lazy\" class=\"alignnone size-medium wp-image-1952\" src=\"http:\/\/www.marzicake.cz\/wp-content\/uploads\/2016\/08\/\u0160vestkov\u00e9-hodylogo-300x225.jpg\" alt=\"\u0160vestkov\u00e9 hody+logo\" width=\"300\" height=\"225\" srcset=\"https:\/\/www.marzicake.cz\/wp-content\/uploads\/2016\/08\/\u0160vestkov\u00e9-hodylogo-300x225.jpg 300w, https:\/\/www.marzicake.cz\/wp-content\/uploads\/2016\/08\/\u0160vestkov\u00e9-hodylogo-800x600.jpg 800w, https:\/\/www.marzicake.cz\/wp-content\/uploads\/2016\/08\/\u0160vestkov\u00e9-hodylogo-500x375.jpg 500w, https:\/\/www.marzicake.cz\/wp-content\/uploads\/2016\/08\/\u0160vestkov\u00e9-hodylogo-600x450.jpg 600w, https:\/\/www.marzicake.cz\/wp-content\/uploads\/2016\/08\/\u0160vestkov\u00e9-hodylogo-768x576.jpg 768w, https:\/\/www.marzicake.cz\/wp-content\/uploads\/2016\/08\/\u0160vestkov\u00e9-hodylogo-1024x768.jpg 1024w, https:\/\/www.marzicake.cz\/wp-content\/uploads\/2016\/08\/\u0160vestkov\u00e9-hodylogo-1080x810.jpg 1080w\" sizes=\"(max-width: 300px) 100vw, 300px\" \/><\/a><\/p>\n<p><a href=\"http:\/\/www.marzicake.cz\/wp-content\/uploads\/2016\/09\/Jablkov\u00e1-povidlalogo-3.jpg\"><img decoding=\"async\" loading=\"lazy\" class=\"alignnone size-medium wp-image-2151\" src=\"http:\/\/www.marzicake.cz\/wp-content\/uploads\/2016\/09\/Jablkov\u00e1-povidlalogo-3-225x300.jpg\" alt=\"jablkova-povidlalogo-3\" width=\"225\" height=\"300\" \/><\/a>\u00a0\u00a0<a href=\"http:\/\/www.marzicake.cz\/wp-content\/uploads\/2016\/08\/\u0160vestkov\u00e1-povidlalogo-2.jpg\"><img decoding=\"async\" loading=\"lazy\" class=\"alignnone size-medium wp-image-1950\" src=\"http:\/\/www.marzicake.cz\/wp-content\/uploads\/2016\/08\/\u0160vestkov\u00e1-povidlalogo-2-225x300.jpg\" alt=\"\u0160vestkov\u00e1 povidla+logo 2\" width=\"225\" height=\"300\" srcset=\"https:\/\/www.marzicake.cz\/wp-content\/uploads\/2016\/08\/\u0160vestkov\u00e1-povidlalogo-2-225x300.jpg 225w, https:\/\/www.marzicake.cz\/wp-content\/uploads\/2016\/08\/\u0160vestkov\u00e1-povidlalogo-2-768x1022.jpg 768w, https:\/\/www.marzicake.cz\/wp-content\/uploads\/2016\/08\/\u0160vestkov\u00e1-povidlalogo-2-769x1024.jpg 769w, https:\/\/www.marzicake.cz\/wp-content\/uploads\/2016\/08\/\u0160vestkov\u00e1-povidlalogo-2-1080x1437.jpg 1080w\" sizes=\"(max-width: 225px) 100vw, 225px\" \/><\/a><\/p>\n","protected":false},"excerpt":{"rendered":"<p>S p\u0159\u00edchodem podzimu si v\u017edy uv\u011bdom\u00edm jak n\u00e1dhern\u00e9 barvy n\u00e1m bude p\u0159\u00edroda nab\u00edzet v\u0161ude kolem n\u00e1s. A nejen barvy, ale i v\u016fn\u011b na\u0161ich zahrad. Nev\u00edm jak n\u00e1v\u0161t\u011bvn\u00edk blogu, ale j\u00e1 a pom\u011brn\u011b i dost lid\u00ed v m\u00e9m okol\u00ed milujeme a to moc a moc podzim. T\u00edm p\u00e1dem ne\u0161lo jinak a musel vzniknout tento p\u0159\u00edsp\u011bvek. Pamatuji&#8230;<\/p>\n<p><a class=\"more-link\" href=\"https:\/\/www.marzicake.cz\/?p=2175\">\u010cti d\u00e1l<\/a><\/p>\n","protected":false},"author":1,"featured_media":224514,"comment_status":"open","ping_status":"open","sticky":false,"template":"","format":"standard","meta":{"wprm-recipe-roundup-name":"","wprm-recipe-roundup-description":"","_mi_skip_tracking":false,"_genesis_hide_title":false,"_genesis_hide_breadcrumbs":false,"_genesis_hide_singular_image":false,"_genesis_custom_body_class":"","_genesis_custom_post_class":"","_genesis_layout":""},"categories":[400],"tags":[],"_links":{"self":[{"href":"https:\/\/www.marzicake.cz\/index.php?rest_route=\/wp\/v2\/posts\/2175"}],"collection":[{"href":"https:\/\/www.marzicake.cz\/index.php?rest_route=\/wp\/v2\/posts"}],"about":[{"href":"https:\/\/www.marzicake.cz\/index.php?rest_route=\/wp\/v2\/types\/post"}],"author":[{"embeddable":true,"href":"https:\/\/www.marzicake.cz\/index.php?rest_route=\/wp\/v2\/users\/1"}],"replies":[{"embeddable":true,"href":"https:\/\/www.marzicake.cz\/index.php?rest_route=%2Fwp%2Fv2%2Fcomments&post=2175"}],"version-history":[{"count":5,"href":"https:\/\/www.marzicake.cz\/index.php?rest_route=\/wp\/v2\/posts\/2175\/revisions"}],"predecessor-version":[{"id":229901,"href":"https:\/\/www.marzicake.cz\/index.php?rest_route=\/wp\/v2\/posts\/2175\/revisions\/229901"}],"wp:featuredmedia":[{"embeddable":true,"href":"https:\/\/www.marzicake.cz\/index.php?rest_route=\/wp\/v2\/media\/224514"}],"wp:attachment":[{"href":"https:\/\/www.marzicake.cz\/index.php?rest_route=%2Fwp%2Fv2%2Fmedia&parent=2175"}],"wp:term":[{"taxonomy":"category","embeddable":true,"href":"https:\/\/www.marzicake.cz\/index.php?rest_route=%2Fwp%2Fv2%2Fcategories&post=2175"},{"taxonomy":"post_tag","embeddable":true,"href":"https:\/\/www.marzicake.cz\/index.php?rest_route=%2Fwp%2Fv2%2Ftags&post=2175"}],"curies":[{"name":"wp","href":"https:\/\/api.w.org\/{rel}","templated":true}]}}